{"id":33526,"date":"2025-02-21T09:46:15","date_gmt":"2025-02-21T09:46:15","guid":{"rendered":"https:\/\/247stiri.ro\/index.php\/2025\/02\/21\/rugaciune-pentru-mantuirea-celor-adormiti-se-rosteste-in-sambata-mortilor-sau-mosii-de-iarna-pe-22-februarie-2025\/"},"modified":"2025-02-21T09:46:15","modified_gmt":"2025-02-21T09:46:15","slug":"rugaciune-pentru-mantuirea-celor-adormiti-se-rosteste-in-sambata-mortilor-sau-mosii-de-iarna-pe-22-februarie-2025","status":"publish","type":"post","link":"https:\/\/247stiri.ro\/index.php\/2025\/02\/21\/rugaciune-pentru-mantuirea-celor-adormiti-se-rosteste-in-sambata-mortilor-sau-mosii-de-iarna-pe-22-februarie-2025\/","title":{"rendered":"Rug\u0103ciune pentru m\u00e2ntuirea celor adormi\u021bi. Se roste\u0219te \u00een S\u00e2mb\u0103ta Mor\u021bilor sau Mo\u0219ii de iarn\u0103, pe 22 februarie 2025"},"content":{"rendered":"<p>Pomene\u0219te, Doamne, pe cei ce \u00eentru n\u0103dejdea \u00eenvierii \u0219i a vie\u021bii celei ce va s\u0103 fie au adormit, p\u0103rin\u021bi \u0219i fra\u021bi ai no\u0219tri\u00a0\u0219i pe to\u021bi cei care \u00eentru dreapta cre\u00addin\u021b\u0103 s-au s\u0103v\u00e2r\u0219it, \u0219i iart\u0103-le lor toate gre\u0219elile pe care cu cuv\u00e2ntul sau cu fapta sau cu g\u00e2n\u00ad\u00addul le-au s\u0103v\u00e2r\u0219it, \u0219i-i a\u0219az\u0103 pe ei, Doamne, \u00een locuri lumi\u00adnoase, \u00een locuri de verdea\u021b\u0103, \u00een locuri de odihn\u0103, de unde au fugit toat\u0103 dure\u00adrea, \u00eentristarea \u0219i sus\u00ad\u00adpinarea, \u0219i unde cercetarea Fe\u021bei Tale vesele\u0219te pe to\u021bi sfin\u021bii T\u0103i cei din veac.<\/p>\n<p>D\u0103ruie\u0219te-le lor \u0219i nou\u0103 \u00cemp\u0103\u00adr\u0103\u021bia Ta \u0219i \u00eemp\u0103rt\u0103\u0219irea bun\u0103t\u0103\u021bilor Tale celor negr\u0103ite \u0219i ve\u0219\u00adnice \u0219i des\u00adf\u0103tarea vie\u021bii Tale celei ne\u00adsf\u00e2r\u00ad\u0219ite \u0219i fericite.<\/p>\n<p>C\u0103 Tu e\u0219ti \u00eenvierea \u0219i odihna ador\u00ad\u00ad\u00admi\u00ad\u021bilor robilor T\u0103i (numele), Hris\u00adtoase, Dumnezeul nostru, \u0219i \u021aie slav\u0103 \u00een\u0103l\u021b\u0103m, \u00eempreun\u0103 \u0219i Celui f\u0103r\u0103 de \u00eenceput al T\u0103u P\u0103rinte \u0219i Prea\u00adsf\u00e2n\u00adtului \u0219i Bunului \u0219i de via\u021b\u0103 f\u0103c\u0103\u00adto\u00adru\u00adlui T\u0103u Duh, acum \u0219i pururea \u0219i \u00een vecii vecilor. Amin.<\/p>\n<p>Cu sfin\u021bii odihne\u0219te, Hristoase, su\u00adfle\u00adtele adormi\u021bilor robilor T\u0103i, unde nu este durere, nici \u00eentristare, nici suspin, ci via\u021b\u0103 f\u0103r\u0103 de sf\u00e2r\u0219it! Amin!<\/p>\n<p><a href=\"https:\/\/www.realitatea.net\/stiri\/actual\/care-sunt-preparatele-traditionale-pe-care-trebuie-sa-le-gatesti-sambata-22-februarie-cand-sunt-de-mosii-de-iarna_67b6d7bf216e7032300a80e9\" target=\"_blank\">Care sunt preparatele tradi\u021bionale pe care trebuie s\u0103 le g\u0103te\u0219ti s\u00e2mb\u0103t\u0103, 22 februarie 2025, c\u00e2nd sunt de Mo\u0219ii de iarn\u0103<\/a><\/p>","protected":false},"excerpt":{"rendered":"<p>Pomene\u0219te, Doamne, pe cei ce \u00eentru n\u0103dejdea \u00eenvierii \u0219i a vie\u021bii celei ce va s\u0103&hellip;<\/p>\n","protected":false},"author":0,"featured_media":33513,"comment_status":"open","ping_status":"open","sticky":false,"template":"","format":"standard","meta":{"footnotes":""},"categories":[2],"tags":[],"class_list":["post-33526","post","type-post","status-publish","format-standard","has-post-thumbnail","hentry","category-actual"],"_links":{"self":[{"href":"https:\/\/247stiri.ro\/index.php\/wp-json\/wp\/v2\/posts\/33526","targetHints":{"allow":["GET"]}}],"collection":[{"href":"https:\/\/247stiri.ro\/index.php\/wp-json\/wp\/v2\/posts"}],"about":[{"href":"https:\/\/247stiri.ro\/index.php\/wp-json\/wp\/v2\/types\/post"}],"replies":[{"embeddable":true,"href":"https:\/\/247stiri.ro\/index.php\/wp-json\/wp\/v2\/comments?post=33526"}],"version-history":[{"count":0,"href":"https:\/\/247stiri.ro\/index.php\/wp-json\/wp\/v2\/posts\/33526\/revisions"}],"wp:featuredmedia":[{"embeddable":true,"href":"https:\/\/247stiri.ro\/index.php\/wp-json\/wp\/v2\/media\/33513"}],"wp:attachment":[{"href":"https:\/\/247stiri.ro\/index.php\/wp-json\/wp\/v2\/media?parent=33526"}],"wp:term":[{"taxonomy":"category","embeddable":true,"href":"https:\/\/247stiri.ro\/index.php\/wp-json\/wp\/v2\/categories?post=33526"},{"taxonomy":"post_tag","embeddable":true,"href":"https:\/\/247stiri.ro\/index.php\/wp-json\/wp\/v2\/tags?post=33526"}],"curies":[{"name":"wp","href":"https:\/\/api.w.org\/{rel}","templated":true}]}}