{"id":33533,"date":"2025-02-21T10:45:04","date_gmt":"2025-02-21T10:45:04","guid":{"rendered":"https:\/\/247stiri.ro\/index.php\/2025\/02\/21\/gest-inedit-din-partea-lui-fuego-pentru-irina-loghin-ce-cadou-i-a-oferit-artistei-doamna-irina-nu-vrea-flori-taiate\/"},"modified":"2025-02-21T10:45:04","modified_gmt":"2025-02-21T10:45:04","slug":"gest-inedit-din-partea-lui-fuego-pentru-irina-loghin-ce-cadou-i-a-oferit-artistei-doamna-irina-nu-vrea-flori-taiate","status":"publish","type":"post","link":"https:\/\/247stiri.ro\/index.php\/2025\/02\/21\/gest-inedit-din-partea-lui-fuego-pentru-irina-loghin-ce-cadou-i-a-oferit-artistei-doamna-irina-nu-vrea-flori-taiate\/","title":{"rendered":"Gest inedit din partea lui Fuego pentru Irina Loghin. Ce cadou i-a oferit artistei: \u201eDoamna Irina nu vrea flori t\u0103iate!\u201d"},"content":{"rendered":"<p>Un gest emo\u021bionant pentru o artist\u0103 \u00eendr\u0103git\u0103<\/p>\n<p>De ziua de na\u0219tere a Irinei Loghin,<a href=\"https:\/\/www.realitatea.net\/stiri\/monden\/imagine-rara-cu-fuego-in-copilarie-alaturi-de-mama-sa-ce-declaratie-emotionanta-ia-facut-artistul-celei-care-ia-dat-viata-mama-era-ingrijorata_67a475081f46b5378b34a762\" target=\"_blank\"> Fuego i-a f\u0103cut<\/a> o vizit\u0103 surpriz\u0103, iar momentul a fost filmat \u0219i distribuit pe re\u021belele de socializare. Artistul a ajuns la locuin\u021ba c\u00e2nt\u0103re\u021bei cu un cadou inedit \u0219i un mesaj plin de admira\u021bie: \u201eE acas\u0103 mama? E ziua ei \u0219i am venit s\u0103-i fac un cadou. V\u0103 doresc s\u0103 fi\u021bi s\u0103n\u0103toas\u0103 \u0219i s\u0103 ne bucura\u021bi mul\u021bi ani cu prezen\u021ba dumneavoastr\u0103! Ast\u0103zi o s\u0103rb\u0103torim pe marea noastr\u0103 doamn\u0103 a c\u00e2ntecului popular, doamna Irina Loghin, care arat\u0103 splendid \u0219i continu\u0103 s\u0103 c\u00e2nte cu aceea\u0219i pasiune. Ne bucur\u0103m s\u0103-i spunem La mul\u021bi ani \u0219i s\u0103-i ar\u0103t\u0103m toat\u0103 dragostea noastr\u0103.\u201d<\/p>\n<p>Pentru c\u0103 o cunoa\u0219te foarte bine, Fuego a ales un cadou perfect pentru Irina Loghin. \u0218tiind c\u0103 artista prefer\u0103 florile \u00een ghiveci \u00een locul celor t\u0103iate, i-a oferit o plant\u0103 frumoas\u0103, simbol al longevit\u0103\u021bii \u0219i frumuse\u021bii naturale. \u201eDoamna Irina nu vrea flori t\u0103iate, ci doar flori \u00een ghiveci, pentru c\u0103 ele tr\u0103iesc mai mult \u0219i \u00ee\u0219i p\u0103streaz\u0103 farmecul,\u201d a explicat Fuego.<\/p>\n<p>Irina Loghin a subliniat acest aspect, preciz\u00e2nd: \u201eFlorile t\u0103iate sunt flori moarte. Mi-ar pl\u0103cea s\u0103 existe un proiect de lege care s\u0103 \u00eempiedice t\u0103ierea lor, pentru c\u0103 e ca \u0219i cum ai lua via\u021ba unei fiin\u021be.\u201d<\/p>\n<p>Pe l\u00e2ng\u0103 floarea \u00een ghiveci, Fuego i-a oferit artistei \u0219i un cadou practic: o geant\u0103 spa\u021bioas\u0103, perfect\u0103 pentru nevoile sale zilnice. \u201eI-am luat doamnei Irina o geant\u0103 mare, pentru c\u0103 are mereu multe lucruri de purtat cu ea. M-am g\u00e2ndit s\u0103-i ofer ceva util \u0219i elegant \u00een acela\u0219i timp,\u201d a declarat artistul.<\/p>\n<p>Fanii, invita\u021bi s\u0103 \u00eei transmit\u0103 ur\u0103ri artistei<\/p>\n<p>\u00cen semn de apreciere pentru Irina Loghin,<a href=\"https:\/\/www.realitatea.net\/stiri\/monden\/marea-dragoste-a-lui-fuego-artistul-era-gata-sasi-intemeieze-o-familie-cu-aceasta-ce-na-mers_673dafc681f4e7013651510a\" target=\"_blank\"> Fuego a lansat<\/a> \u0219i o invita\u021bie c\u0103tre fanii artistei, \u00eendemn\u00e2ndu-i s\u0103 \u00eei lase mesaje de felicitare cu ocazia anivers\u0103rii sale. \u201eL\u0103sa\u021bi \u00een comentarii mesajele voastre pentru doamna Irina Loghin \u0219i spune\u021bi-i cu to\u021bii La mul\u021bi ani! O iubim \u0219i \u00eei dorim s\u0103n\u0103tate \u0219i bucurii nesf\u00e2r\u0219ite!\u201d a transmis el.<\/p>\n<p>Prin acest gest, Fuego a reu\u0219it s\u0103 \u00eei ofere Irinei Loghin o zi de na\u0219tere memorabil\u0103, \u00eenc\u0103rcat\u0103 de emo\u021bie, respect \u0219i afec\u021biune din partea publicului s\u0103u devotat.<\/p>\n<p>\u00a0<\/p>","protected":false},"excerpt":{"rendered":"<p>Un gest emo\u021bionant pentru o artist\u0103 \u00eendr\u0103git\u0103 De ziua de na\u0219tere a Irinei Loghin, Fuego&hellip;<\/p>\n","protected":false},"author":0,"featured_media":33534,"comment_status":"open","ping_status":"open","sticky":false,"template":"","format":"standard","meta":{"footnotes":""},"categories":[8],"tags":[],"class_list":["post-33533","post","type-post","status-publish","format-standard","has-post-thumbnail","hentry","category-lifestyle"],"_links":{"self":[{"href":"https:\/\/247stiri.ro\/index.php\/wp-json\/wp\/v2\/posts\/33533","targetHints":{"allow":["GET"]}}],"collection":[{"href":"https:\/\/247stiri.ro\/index.php\/wp-json\/wp\/v2\/posts"}],"about":[{"href":"https:\/\/247stiri.ro\/index.php\/wp-json\/wp\/v2\/types\/post"}],"replies":[{"embeddable":true,"href":"https:\/\/247stiri.ro\/index.php\/wp-json\/wp\/v2\/comments?post=33533"}],"version-history":[{"count":0,"href":"https:\/\/247stiri.ro\/index.php\/wp-json\/wp\/v2\/posts\/33533\/revisions"}],"wp:featuredmedia":[{"embeddable":true,"href":"https:\/\/247stiri.ro\/index.php\/wp-json\/wp\/v2\/media\/33534"}],"wp:attachment":[{"href":"https:\/\/247stiri.ro\/index.php\/wp-json\/wp\/v2\/media?parent=33533"}],"wp:term":[{"taxonomy":"category","embeddable":true,"href":"https:\/\/247stiri.ro\/index.php\/wp-json\/wp\/v2\/categories?post=33533"},{"taxonomy":"post_tag","embeddable":true,"href":"https:\/\/247stiri.ro\/index.php\/wp-json\/wp\/v2\/tags?post=33533"}],"curies":[{"name":"wp","href":"https:\/\/api.w.org\/{rel}","templated":true}]}}