{"id":33546,"date":"2025-02-21T10:45:10","date_gmt":"2025-02-21T10:45:10","guid":{"rendered":"https:\/\/247stiri.ro\/index.php\/2025\/02\/21\/ilie-bolojan-va-participa-la-o-intalnire-cruciala-cu-liderii-europeni-soarta-europei-decisa-in-cadrul-summitului-defense-and-security-strategy-of-unity-de-la-kiev\/"},"modified":"2025-02-21T10:45:10","modified_gmt":"2025-02-21T10:45:10","slug":"ilie-bolojan-va-participa-la-o-intalnire-cruciala-cu-liderii-europeni-soarta-europei-decisa-in-cadrul-summitului-defense-and-security-strategy-of-unity-de-la-kiev","status":"publish","type":"post","link":"https:\/\/247stiri.ro\/index.php\/2025\/02\/21\/ilie-bolojan-va-participa-la-o-intalnire-cruciala-cu-liderii-europeni-soarta-europei-decisa-in-cadrul-summitului-defense-and-security-strategy-of-unity-de-la-kiev\/","title":{"rendered":"Ilie Bolojan va participa la o \u00eent\u00e2lnire crucial\u0103 cu liderii europeni. Soarta Europei, decis\u0103 \u00een cadrul summitului \u201eDefense and Security Strategy of Unity\u201d de la Kiev"},"content":{"rendered":"<p>Summitul intitulat \u201eDefense and Security Strategy of Unity. Action Plan\u201d va avea loc luni, 23 februarie, la ora 11:00, \u0219i va reuni oficiali de rang \u00eenalt din \u00eentreaga Europ\u0103 pentru a discuta despre provoc\u0103rile actuale \u0219i strategii pentru consolidarea securit\u0103\u021bii \u00een regiune.\u00a0<\/p>\n<p>Acest summit apare \u00eentr-un context interna\u021bional complex, marcat de tensiuni geopolitice \u0219i de necesitatea de a colabora mai str\u00e2ns pentru a asigura stabilitatea \u0219i securitatea continentului.\u00a0<\/p>\n<p>\u00cen cadrul \u00eent\u00e2lnirii, liderii europeni vor dezbate m\u0103suri concrete menite s\u0103 \u00eent\u0103reasc\u0103 cooperarea \u00een domeniul ap\u0103r\u0103rii, s\u0103 \u00eembun\u0103t\u0103\u021beasc\u0103 capacit\u0103\u021bile de reac\u021bie la crize \u0219i s\u0103 dezvolte o strategie unitar\u0103 pentru a face fa\u021b\u0103 provoc\u0103rilor emergente.\u00a0<\/p>\n<p>O parte dintre liderii europeni vor fi prezen\u021bi fizic acolo, al\u021bii se vor conecta online. Printre liderii care urmeaz\u0103 s\u0103 participe la aceast\u0103 \u00eent\u00e2lnire se num\u0103r\u0103 \u0219i pre\u0219edinta Comisiei Europene, Ursula von der Leyen.<\/p>\n<p><a title=\"Ilie Bolojan a decis sa convoace sedinta CSAT. Marcel Ciolacu si Crin Antonescu fac presiuni in acest sens\" href=\"https:\/\/www.realitatea.net\/stiri\/actual\/ilie-bolojan-a-decis-sa-convoace-sedinta-csat-marcel-ciolacu-si-crin-antonescu-fac-presiuni-in-acest-sens_67b7569e539c7314911d8512\">Ilie Bolojan a decis s\u0103 convoace \u0219edin\u021ba CSAT. Marcel Ciolacu \u0219i Crin Antonescu fac presiuni \u00een acest sens<\/a><\/p>","protected":false},"excerpt":{"rendered":"<p>Summitul intitulat \u201eDefense and Security Strategy of Unity. Action Plan\u201d va avea loc luni, 23&hellip;<\/p>\n","protected":false},"author":0,"featured_media":33541,"comment_status":"open","ping_status":"open","sticky":false,"template":"","format":"standard","meta":{"footnotes":""},"categories":[2],"tags":[],"class_list":["post-33546","post","type-post","status-publish","format-standard","has-post-thumbnail","hentry","category-actual"],"_links":{"self":[{"href":"https:\/\/247stiri.ro\/index.php\/wp-json\/wp\/v2\/posts\/33546","targetHints":{"allow":["GET"]}}],"collection":[{"href":"https:\/\/247stiri.ro\/index.php\/wp-json\/wp\/v2\/posts"}],"about":[{"href":"https:\/\/247stiri.ro\/index.php\/wp-json\/wp\/v2\/types\/post"}],"replies":[{"embeddable":true,"href":"https:\/\/247stiri.ro\/index.php\/wp-json\/wp\/v2\/comments?post=33546"}],"version-history":[{"count":0,"href":"https:\/\/247stiri.ro\/index.php\/wp-json\/wp\/v2\/posts\/33546\/revisions"}],"wp:featuredmedia":[{"embeddable":true,"href":"https:\/\/247stiri.ro\/index.php\/wp-json\/wp\/v2\/media\/33541"}],"wp:attachment":[{"href":"https:\/\/247stiri.ro\/index.php\/wp-json\/wp\/v2\/media?parent=33546"}],"wp:term":[{"taxonomy":"category","embeddable":true,"href":"https:\/\/247stiri.ro\/index.php\/wp-json\/wp\/v2\/categories?post=33546"},{"taxonomy":"post_tag","embeddable":true,"href":"https:\/\/247stiri.ro\/index.php\/wp-json\/wp\/v2\/tags?post=33546"}],"curies":[{"name":"wp","href":"https:\/\/api.w.org\/{rel}","templated":true}]}}