{"id":33554,"date":"2025-02-21T10:45:12","date_gmt":"2025-02-21T10:45:12","guid":{"rendered":"https:\/\/247stiri.ro\/index.php\/2025\/02\/21\/kelemen-hunor-considera-ca-este-necesara-o-discutie-in-coalitie-si-in-csat-trebuie-vazut-care-este-directia-in-care-doreste-sa-mearga-romania\/"},"modified":"2025-02-21T10:45:12","modified_gmt":"2025-02-21T10:45:12","slug":"kelemen-hunor-considera-ca-este-necesara-o-discutie-in-coalitie-si-in-csat-trebuie-vazut-care-este-directia-in-care-doreste-sa-mearga-romania","status":"publish","type":"post","link":"https:\/\/247stiri.ro\/index.php\/2025\/02\/21\/kelemen-hunor-considera-ca-este-necesara-o-discutie-in-coalitie-si-in-csat-trebuie-vazut-care-este-directia-in-care-doreste-sa-mearga-romania\/","title":{"rendered":"Kelemen Hunor consider\u0103 c\u0103 este necesar\u0103 o discu\u021bie \u00een coali\u021bie \u0219i \u00een CSAT. \u201eTrebuie v\u0103zut care este direc\u021bia \u00een care dore\u0219te s\u0103 mearg\u0103 Rom\u00e2nia\u201d"},"content":{"rendered":"<p>\u00cen acela\u0219i timp, consider\u0103 liderul UDMR, Rom\u00e2nia trebuie s\u0103 aib\u0103 o abordare pragmatic\u0103 \u0219i s\u0103 g\u0103sesc\u0103 canale de comunicare cu administra\u021bia Trump, ca &#8216;prim\u0103 urgen\u021b\u0103&#8217;.&#8217;\u00cen primul r\u00e2nd, trebuie o discu\u021bie foarte serioas\u0103 \u00een perioada imediat urm\u0103toare \u00eentre liderii coali\u021biei, bine\u00een\u021beles, \u0219i trebuie v\u0103zut care este direc\u021bia \u00een care dore\u0219te s\u0103 mearg\u0103 Rom\u00e2nia \u0219i ce argumente are. N-au fost discu\u021bii \u00een coali\u021bie \u00een ultima perioad\u0103 legate de politica extern\u0103, dar asta nu putem ocoli, nu putem evita. Deci, eu cred c\u0103 asta este prima faz\u0103, dup\u0103 care, bine\u00een\u021beles, trebuie o discu\u021bie \u0219i \u00een CSAT &#8211; are dreptate Crin Antonescu. Depinde de pre\u0219edintele interimar, Ilie Bolojan, c\u00e2nd convoac\u0103 un CSAT, nu neap\u0103rat \u0219i nu doar pentru a discuta despre anularea alegerilor, \u00een acest context, fiindc\u0103 probabil c\u0103 acolo exist\u0103 mai multe informa\u021bii \u0219i se poate face o nou\u0103 analiz\u0103, dar urmeaz\u0103 \u0219i trebuie s\u0103 se fac\u0103 o discu\u021bie \u0219i \u00een contextul geopolitic \u0219i interna\u021bional. Rom\u00e2nia trebuie s\u0103 fie pragmatic\u0103. \u00cen acest moment, a\u0219a cum v\u0103d eu, nu prea are canale de comunicare cu administra\u021bia Trump. Asta nu poate s\u0103 r\u0103m\u00e2n\u0103 a\u0219a. \u0218i, de aceea, cred c\u0103 prima urgen\u021b\u0103 este s\u0103 g\u0103seasc\u0103 canale de comunicare cu administra\u021bia Trump&#8217;, a explicat Kelemen Hunor.Potrivit liderului UDMR, pentru Statele Unite ale Americii, pe primul loc, vor fi propriile interese, context \u00een care este necesar\u0103 \u00eent\u0103rirea Flancului estic.&#8217;For\u021bele americane, dac\u0103 vor fi retrase din Europa, din Germania, din Rom\u00e2nia, din celelalte state, pe termen mediu, pe termen lung, din punctul nostru de vedere, este o pierdere uria\u0219\u0103 \u0219i trebuie \u00eent\u00e2rit Flancul estic cu trupe europene. Deci, o ap\u0103rare european\u0103 trebuie construit\u0103 cu vitez\u0103 foarte mare. Europa a pierdut enorm de mult timp, apoi Europa s-a ocupat cu lucruri care nu aveau nicio noim\u0103 \u00een aceast\u0103 perioad\u0103 \u0219i nu s-a ocupat cu ceea ce era important. Se \u0219tia c\u0103 \u00een America se va reseta jocul \u0219i mai ales interesele Americii se vor orienta spre Pacific, spre China \u0219i Europa nu o s\u0103 mai fie o prioritate sau o prioritate undeva de prim plan&#8217;, a afirmat Kelemen Hunor.<\/p>\n<p><a title=\"Kelemen Hunor: Liderii coalitiei de guvernare nu au stiut de demisia lui Klaus Iohannis pana luni dimineata\" href=\"https:\/\/www.realitatea.net\/stiri\/actual\/kelemen-hunor-liderii-coalitiei-de-guvernare-nu-au-stiut-de-demisia-lui-klaus-iohannis-pana-luni-dimineata_67aa433d3e1c1d39285177c8\">Kelemen Hunor: Liderii coali\u021biei de guvernare nu au \u0219tiut de demisia lui Klaus Iohannis p\u00e2n\u0103 luni diminea\u021b\u0103<\/a>El a ad\u0103ugat c\u0103 Rom\u00e2nia trebuie s\u0103 aib\u0103 rela\u021bii foarte str\u00e2nse cu vecinii, \u00een aceast\u0103 perioad\u0103.&#8217;Rom\u00e2nia trebuie s\u0103 aib\u0103 \u0219i trebuie s\u0103 g\u0103seasc\u0103 rela\u021bii foarte str\u00e2nse cu vecinii, \u00een aceast\u0103 perioad\u0103, apoi cu Polonia, Fran\u021ba, Marea Britanie. (&#8230;) Eu cred c\u0103 Rom\u00e2nia poate s\u0103 fie un ini\u021biator \u00een a schimba un pic abordarea, fiindc\u0103 pe acest flanc unde suntem noi \u0219i pe regiunea M\u0103rii Negre, suntem \u00een continuare \u00eentr-o pozi\u021bie geografic\u0103 extrem de important\u0103 \u0219i nu putem s\u0103 nu avem un punct de vedere, s\u0103 nu avem o orientare. \u00cen acest moment, suntem parc\u0103 lovi\u021bi de cap \u0219i nu \u0219tim unde \u0219i cum ar trebui s\u0103 ac\u021bion\u0103m. Asta este problema cea mai mare&#8217;, a argumentat liderul UDMR.Nu \u00een ultimul r\u00e2nd, el a atras aten\u021bia asupra faptului c\u0103 Rom\u00e2nia trebuie s\u0103 aib\u0103 o pozi\u021bie extrem de ferm\u0103 \u00een privin\u021ba anul\u0103rii alegerilor preziden\u021biale, \u00een condi\u021biile \u00een care exist\u0103 critici pe acest subiect.&#8217;Avem \u00een fa\u021ba noastr\u0103 alegeri. Suntem critica\u021bi aproape fiecare a doua zi pentru anularea alegerilor. Eu cred c\u0103, din acest punct de vedere, Rom\u00e2nia trebuie s\u0103 aib\u0103 o pozi\u021bie extrem de ferm\u0103. S-au anulat alegerile pentru c\u0103 au fost interven\u021bii \u0219i exist\u0103 dovezi \u0219i trebuie ar\u0103tate aceste dovezi &#8211; ce se poate ar\u0103ta, bine\u00een\u021beles &#8211; \u0219i nu trebuie s\u0103 cerem scuze c\u0103 am anulat alegerile. Asta nu \u00eenseamn\u0103 c\u0103 nu avem acele valori democratice \u00eenr\u0103d\u0103cinate, despre care vorbe\u0219te inclusiv vicepre\u0219edintele Vance. Dar, din punctul nostru de vedere, trebuie s\u0103 \u0219tim s\u0103 ne ap\u0103r\u0103m, s\u0103 explic\u0103m, s\u0103 argument\u0103m &#8211; c\u0103 nu am f\u0103cut \u00eempotriva Rom\u00e2niei, m\u0103 rog, nu noi, ci Curtea Constitu\u021bional\u0103, nu a f\u0103cut \u00eempotriva Rom\u00e2niei, nu a decis anularea alegerilor \u00eempotriva valorilor democratice, \u00eempotriva Occidentului. Trebuie s\u0103 \u0219tim s\u0103 explic\u0103m&#8217;, a mai transmis pre\u0219edintele UDMR.<\/p>\n<p><a title='Coalitia a constituit alianta electorala \"Romania inainte\" in vederea sustinerii lui Crin Antonescu la prezidentiale. Ce prevede protocolul' href=\"https:\/\/www.realitatea.net\/stiri\/actual\/coalitia-a-constituit-alianta-electorala-romania-inainte-in-vederea-sustinerii-lui-crin-antonescu-la-prezidentiale-ce-prevede-protocolul_67b5fb812a673e2e0e1dc9e5\">Coali\u021bia a constituit alian\u021ba electoral\u0103 \u201dRom\u00e2nia \u00eenainte\u201d \u00een vederea sus\u021binerii lui Crin Antonescu la preziden\u021biale. Ce prevede protocolul<\/a>\u00a0<\/p>","protected":false},"excerpt":{"rendered":"<p>\u00cen acela\u0219i timp, consider\u0103 liderul UDMR, Rom\u00e2nia trebuie s\u0103 aib\u0103 o abordare pragmatic\u0103 \u0219i s\u0103&hellip;<\/p>\n","protected":false},"author":0,"featured_media":33545,"comment_status":"open","ping_status":"open","sticky":false,"template":"","format":"standard","meta":{"footnotes":""},"categories":[2],"tags":[],"class_list":["post-33554","post","type-post","status-publish","format-standard","has-post-thumbnail","hentry","category-actual"],"_links":{"self":[{"href":"https:\/\/247stiri.ro\/index.php\/wp-json\/wp\/v2\/posts\/33554","targetHints":{"allow":["GET"]}}],"collection":[{"href":"https:\/\/247stiri.ro\/index.php\/wp-json\/wp\/v2\/posts"}],"about":[{"href":"https:\/\/247stiri.ro\/index.php\/wp-json\/wp\/v2\/types\/post"}],"replies":[{"embeddable":true,"href":"https:\/\/247stiri.ro\/index.php\/wp-json\/wp\/v2\/comments?post=33554"}],"version-history":[{"count":0,"href":"https:\/\/247stiri.ro\/index.php\/wp-json\/wp\/v2\/posts\/33554\/revisions"}],"wp:featuredmedia":[{"embeddable":true,"href":"https:\/\/247stiri.ro\/index.php\/wp-json\/wp\/v2\/media\/33545"}],"wp:attachment":[{"href":"https:\/\/247stiri.ro\/index.php\/wp-json\/wp\/v2\/media?parent=33554"}],"wp:term":[{"taxonomy":"category","embeddable":true,"href":"https:\/\/247stiri.ro\/index.php\/wp-json\/wp\/v2\/categories?post=33554"},{"taxonomy":"post_tag","embeddable":true,"href":"https:\/\/247stiri.ro\/index.php\/wp-json\/wp\/v2\/tags?post=33554"}],"curies":[{"name":"wp","href":"https:\/\/api.w.org\/{rel}","templated":true}]}}