{"id":33567,"date":"2025-02-21T11:47:00","date_gmt":"2025-02-21T11:47:00","guid":{"rendered":"https:\/\/247stiri.ro\/index.php\/2025\/02\/21\/surse-becali-somat-de-aur-sa-paraseasca-parlamentul-george-simion-trebuie-sa-respecte-cerintele-partidului\/"},"modified":"2025-02-21T11:47:00","modified_gmt":"2025-02-21T11:47:00","slug":"surse-becali-somat-de-aur-sa-paraseasca-parlamentul-george-simion-trebuie-sa-respecte-cerintele-partidului","status":"publish","type":"post","link":"https:\/\/247stiri.ro\/index.php\/2025\/02\/21\/surse-becali-somat-de-aur-sa-paraseasca-parlamentul-george-simion-trebuie-sa-respecte-cerintele-partidului\/","title":{"rendered":"SURSE: Becali, somat de AUR s\u0103 p\u0103r\u0103seasc\u0103 Parlamentul! George Simion: Trebuie s\u0103 respecte cerin\u021bele partidului"},"content":{"rendered":"<p>AUR \u00eel someaz\u0103 pe Gigi Becali s\u0103 \u00ee\u0219i dea demisia at\u00e2t din partid, c\u00e2t \u0219i din Parlament, unde a ajuns datorit\u0103 Alian\u021bei pentru Unirea Rom\u00e2nilor, \u0219i s\u0103 &#8222;\u00ee\u0219i fac\u0103 jocurile murdare \u00een afara partidului&#8221;. \u00cen acest fel poate candida independent la alegerile preziden\u021biale, a\u0219a cum a anun\u021bat, de altfel, latifundiarul din Pipera c\u0103 va intra \u00een cursa electoral\u0103, \u00een cazul \u00een care George Simion nu va candida.\u00a0<\/p>\n<p>Nu este prima oar\u0103 c\u00e2nd Gigi Becali face presiuni asupra lui George Simion s\u0103 intre \u00een cursa preziden\u021bial\u0103 din luna mai a acestui an, \u00een condi\u021biile \u00een care liderul suverani\u0219tilor \u0219i-a anun\u021bat sus\u021binerea pentru <a href=\"https:\/\/www.realitatea.net\/stiri\/actual\/calin-georgescu-anunta-lansarea-tipizatelor-pentru-strangerea-de-semnaturi-la-alegerile-din-2025-de-unde-pot-descarca-formularele-toti-romanii-care-il-sustin_67b724294a96c21e532f9bf2\" target=\"_blank\">C\u0103lin Georgescu<\/a>.<\/p>\n<p>Simion a spus c\u0103 nu va mai candida la alegerile preziden\u021biale, c\u0103 \u00eel va sus\u021bine pe pre\u0219edintele ales de popor.<\/p>\n<p>Mai mult dec\u00e2t at\u00e2t, AUR str\u00e2nge deja <a href=\"https:\/\/www.realitatea.net\/stiri\/politica\/aur-strange-semnaturi-pentru-candidatura-lui-calin-georgescu-la-prezidentiale_67b2421ac281e03df15638a5\" target=\"_blank\">semn\u0103turi<\/a> pentru candidatura lui C\u0103lin Georgescu.\u00a0<\/p>","protected":false},"excerpt":{"rendered":"<p>AUR \u00eel someaz\u0103 pe Gigi Becali s\u0103 \u00ee\u0219i dea demisia at\u00e2t din partid, c\u00e2t \u0219i&hellip;<\/p>\n","protected":false},"author":0,"featured_media":33568,"comment_status":"open","ping_status":"open","sticky":false,"template":"","format":"standard","meta":{"footnotes":""},"categories":[3],"tags":[],"class_list":["post-33567","post","type-post","status-publish","format-standard","has-post-thumbnail","hentry","category-politica"],"_links":{"self":[{"href":"https:\/\/247stiri.ro\/index.php\/wp-json\/wp\/v2\/posts\/33567","targetHints":{"allow":["GET"]}}],"collection":[{"href":"https:\/\/247stiri.ro\/index.php\/wp-json\/wp\/v2\/posts"}],"about":[{"href":"https:\/\/247stiri.ro\/index.php\/wp-json\/wp\/v2\/types\/post"}],"replies":[{"embeddable":true,"href":"https:\/\/247stiri.ro\/index.php\/wp-json\/wp\/v2\/comments?post=33567"}],"version-history":[{"count":0,"href":"https:\/\/247stiri.ro\/index.php\/wp-json\/wp\/v2\/posts\/33567\/revisions"}],"wp:featuredmedia":[{"embeddable":true,"href":"https:\/\/247stiri.ro\/index.php\/wp-json\/wp\/v2\/media\/33568"}],"wp:attachment":[{"href":"https:\/\/247stiri.ro\/index.php\/wp-json\/wp\/v2\/media?parent=33567"}],"wp:term":[{"taxonomy":"category","embeddable":true,"href":"https:\/\/247stiri.ro\/index.php\/wp-json\/wp\/v2\/categories?post=33567"},{"taxonomy":"post_tag","embeddable":true,"href":"https:\/\/247stiri.ro\/index.php\/wp-json\/wp\/v2\/tags?post=33567"}],"curies":[{"name":"wp","href":"https:\/\/api.w.org\/{rel}","templated":true}]}}