{"id":33569,"date":"2025-02-21T11:47:01","date_gmt":"2025-02-21T11:47:01","guid":{"rendered":"https:\/\/247stiri.ro\/index.php\/2025\/02\/21\/un-tren-s-a-defectat-in-mijlocul-campului-intre-videle-si-galateni-peste-30-de-pasageri-au-tremurat-in-frig-pana-a-venit-alta-locomotiva\/"},"modified":"2025-02-21T11:47:01","modified_gmt":"2025-02-21T11:47:01","slug":"un-tren-s-a-defectat-in-mijlocul-campului-intre-videle-si-galateni-peste-30-de-pasageri-au-tremurat-in-frig-pana-a-venit-alta-locomotiva","status":"publish","type":"post","link":"https:\/\/247stiri.ro\/index.php\/2025\/02\/21\/un-tren-s-a-defectat-in-mijlocul-campului-intre-videle-si-galateni-peste-30-de-pasageri-au-tremurat-in-frig-pana-a-venit-alta-locomotiva\/","title":{"rendered":"Un tren s-a defectat \u00een mijlocul c\u00e2mpului, \u00eentre Videle \u0219i G\u0103l\u0103teni. Peste 30 de pasageri au tremurat \u00een frig p\u00e2n\u0103 a venit alt\u0103 locomotiv\u0103"},"content":{"rendered":"<p>Ulterior, 27 dintre pasageri au fost prelua\u021bi de un alt tren spre Ro\u0219iorii de Vede, iar al\u0163i cinci au fost transporta\u021bi cu microbuze c\u0103tre localit\u0103\u021bile lor, to\u021bi ajung\u00e2nd \u00een siguran\u021b\u0103.<\/p>\n<p>\u201e\u00cen aceast\u0103 diminea\u021b\u0103, la ora 06:34, am fost sesiza\u021bi prin num\u0103rul unic de urgen\u021b\u0103 112 cu privire la defectarea locomotivei trenului Regio 9301, care a r\u0103mas sta\u021bionat \u00een halta Ciolpani (\u00eentre Videle \u0219i G\u0103l\u0103teni). Av\u00e2nd \u00een vedere temperaturile sc\u0103zute, de aproximativ -12\u2070C \u0219i prezen\u021ba a 32 de pasageri \u00een vagoane, la fa\u021ba locului au intervenit patru echipaje medicale \u2013 o ambulan\u021b\u0103 SMURD, un ATPVM (autospecial\u0103 de transport personal \u0219i victime multiple) \u0219i dou\u0103 ambulan\u021be SAJ \u2013 al\u0103turi de o autospecial\u0103 de lucru cu ap\u0103 \u0219i spum\u0103 \u0219i o autospecial\u0103 de prim\u0103 interven\u021bie \u0219i comand\u0103 din cadrul Deta\u0219amentului de Pompieri Videle.<\/p>\n<p><a title=\"Haos pe calea ferata. Mai multe trenuri au fost anulate, dupa inchiderea circulatiei pe sectia Rosiori Nord-Caracal \" href=\"https:\/\/www.realitatea.net\/stiri\/actual\/haos-pe-calea-ferata-mai-multe-trenuri-au-fost-anulate-dupa-inchiderea-circulatiei-pe-sectia-rosiori-nordcaracal_67b6f41b82b1666fd074ef42\">Haos pe calea ferat\u0103. Mai multe trenuri au fost anulate, dup\u0103 \u00eenchiderea circula\u021biei pe sec\u021bia Ro\u0219iori Nord-Caracal<\/a><\/p>\n<p>\u00cen urma consult\u0103rilor cu reprezentan\u021bii CFR, s-a dispus trimiterea unei locomotive de \u00eenlocuire pentru remorcarea garniturii. \u00centre timp, tot cu sprijinul acestora, cei 32 de c\u0103l\u0103tori au fost prelua\u021bi de un tren personal care se deplasa spre Bucure\u0219ti,\u00a0 toate persoanele fiind aduse \u00een Sta\u021bia CFR Videle.<\/p>\n<p>Autorit\u0103\u021bile locale din Videle au pus la dispozi\u021bie dou\u0103 microbuze pentru transportul unor pasageri din Sta\u021bia CFR Videle c\u0103tre localit\u0103\u021bile apropiate, unde \u00ee\u0219i aveau domiciliul o parte dintre c\u0103l\u0103tori.<\/p>\n<p>Pe \u00eentreaga durat\u0103 a opera\u021biunii, echipajele medicale au asigurat monitorizarea \u0219i asisten\u021ba pasagerilor\u201d, a declarat purt\u0103torul de cuv\u00e2nt al ISU Teleorman, Gelu Dragomir.<\/p>\n<p>Acesta este cel de al treilea incident produs pe calea ferat\u0103, \u00een doar o s\u0103pt\u0103m\u00e2n\u0103. Miercuri, dou\u0103 trenuri marfare s-au ciocnit, la Mih\u0103e\u015fti, \u00een jude\u0163ul Olt. Conform datelor preliminare furnizate de CFR, accidentul a fost cauzat de deraierea a dou\u0103 vagoane din compunerea unui tren privat de marf\u0103 apar\u021bin\u00e2nd companiei Rail Cargo. Acesta transporta 19 vagoane goale \u0219i circula pe ruta Giurgiu Nord \u2013 Curtici, deplas\u00e2ndu-se pe firul I al magistralei.<\/p>\n<p><a title=\"Accident feroviar Olt. Patru vagoane, ridicate si retrase de pe linia curent: circulatia trenurilor este in continuare RESTRICTIONATA\" href=\"https:\/\/www.realitatea.net\/stiri\/actual\/accident-feroviar-olt-patru-vagoane-ridicate-si-retrase-de-pe-linia-curent-circulatia-trenurilor-este-in-continuare-restrictionata_67b832cc0bc52076c72c7002\">Accident feroviar Olt. Patru vagoane, ridicate \u0219i retrase de pe linia curent: circula\u021bia trenurilor este \u00een continuare RESTRIC\u021aIONAT\u0102<\/a><\/p>","protected":false},"excerpt":{"rendered":"<p>Ulterior, 27 dintre pasageri au fost prelua\u021bi de un alt tren spre Ro\u0219iorii de Vede,&hellip;<\/p>\n","protected":false},"author":0,"featured_media":33570,"comment_status":"open","ping_status":"open","sticky":false,"template":"","format":"standard","meta":{"footnotes":""},"categories":[2],"tags":[],"class_list":["post-33569","post","type-post","status-publish","format-standard","has-post-thumbnail","hentry","category-actual"],"_links":{"self":[{"href":"https:\/\/247stiri.ro\/index.php\/wp-json\/wp\/v2\/posts\/33569","targetHints":{"allow":["GET"]}}],"collection":[{"href":"https:\/\/247stiri.ro\/index.php\/wp-json\/wp\/v2\/posts"}],"about":[{"href":"https:\/\/247stiri.ro\/index.php\/wp-json\/wp\/v2\/types\/post"}],"replies":[{"embeddable":true,"href":"https:\/\/247stiri.ro\/index.php\/wp-json\/wp\/v2\/comments?post=33569"}],"version-history":[{"count":0,"href":"https:\/\/247stiri.ro\/index.php\/wp-json\/wp\/v2\/posts\/33569\/revisions"}],"wp:featuredmedia":[{"embeddable":true,"href":"https:\/\/247stiri.ro\/index.php\/wp-json\/wp\/v2\/media\/33570"}],"wp:attachment":[{"href":"https:\/\/247stiri.ro\/index.php\/wp-json\/wp\/v2\/media?parent=33569"}],"wp:term":[{"taxonomy":"category","embeddable":true,"href":"https:\/\/247stiri.ro\/index.php\/wp-json\/wp\/v2\/categories?post=33569"},{"taxonomy":"post_tag","embeddable":true,"href":"https:\/\/247stiri.ro\/index.php\/wp-json\/wp\/v2\/tags?post=33569"}],"curies":[{"name":"wp","href":"https:\/\/api.w.org\/{rel}","templated":true}]}}