{"id":33574,"date":"2025-02-21T11:47:03","date_gmt":"2025-02-21T11:47:03","guid":{"rendered":"https:\/\/247stiri.ro\/index.php\/2025\/02\/21\/ilie-bolojan-a-numit-un-cunoscut-om-de-afaceri-pe-post-de-consilier-onorific-rolul-sau-gestionarea-relatiei-dintre-presedintele-romaniei-si-mediul-de-afaceri\/"},"modified":"2025-02-21T11:47:03","modified_gmt":"2025-02-21T11:47:03","slug":"ilie-bolojan-a-numit-un-cunoscut-om-de-afaceri-pe-post-de-consilier-onorific-rolul-sau-gestionarea-relatiei-dintre-presedintele-romaniei-si-mediul-de-afaceri","status":"publish","type":"post","link":"https:\/\/247stiri.ro\/index.php\/2025\/02\/21\/ilie-bolojan-a-numit-un-cunoscut-om-de-afaceri-pe-post-de-consilier-onorific-rolul-sau-gestionarea-relatiei-dintre-presedintele-romaniei-si-mediul-de-afaceri\/","title":{"rendered":"Ilie Bolojan a numit un cunoscut om de afaceri pe post de consilier onorific. Rolul s\u0103u, gestionarea rela\u021biei dintre pre\u0219edintele Rom\u00e2niei \u0219i mediul de afaceri"},"content":{"rendered":"<p>Potrivit Administra\u021biei Preziden\u021biale, \u00een exercitarea calit\u0103\u021bii de consilier onorific, Drago\u0219 Anastasiu va sprijini activitatea Departamentului Politici Economice \u0219i Sociale \u00een privin\u021ba gestion\u0103rii rela\u021biei dintre pre\u0219edintele Rom\u00e2niei \u0219i mediul de afaceri.Drago\u0219 Anastasiu este antreprenor \u0219i consilier onorific al ministrului Educa\u021biei, Daniel David.\u00a0<\/p>\n<p>\u201eSunt onorat pentru acordarea functiei de Consilier onorific al Presedintelui interimar al Romaniei pentru relatia cu mediul de afaceri.Din aceasta calitate, voi sprijini activitatea Departamentului Politici Economice si Sociale in relatia Presedintelui Romaniei cu mediul de afaceri\u201d, a scris Drago\u0219 Anastasiu pe pagina sa de Facebook.<\/p>\n\n<p><a title=\"Bolojan a rechemat un ambasador roman si l-a numit consilier prezidential\" href=\"https:\/\/www.realitatea.net\/stiri\/actual\/bolojan-a-rechemat-un-ambasador-roman-si-la-numit-consilier-prezidential_67b7312659f8211bc909da79\">Bolojan a rechemat un ambasador rom\u00e2n \u0219i l-a numit consilier preziden\u021bial<\/a><\/p>\n<p>Drago\u015f Anastasiu s-a n\u0103scut pe 5 iunie 1964 \u00een Bucure\u015fti. Dup\u0103 ce a terminat liceul, s-a relocat \u00een Germania, unde a urmat studii de medicin\u0103 la Universitatea J.W. Goethe din Frankfurt, absolvind \u00een 1991. \u00cen 1993, \u00een timp ce lucra la Spitalul Universitar St. Markus din Frankfurt, a ob\u0163inut titlul de Doctor \u00een Medicin\u0103.<\/p>\n<p>\u00cen 1995, Drago\u015f Anastasiu s-a \u00eentors \u00een Rom\u00e2nia, \u00eenfiin\u0163\u00e2nd compania Touring Europabus Rom\u00e2nia SRL, care, dup\u0103 doi ani, a devenit parte a celei mai mari re\u0163ele interna\u0163ionale de transport de persoane, Eurolines. \u00cen 1998, a preluat func\u0163ia de pre\u015fedinte al Asocia\u0163iei C\u0103r\u0103u\u015filor Particulari din Rom\u00e2nia \u015fi a intrat \u00een consiliul de conducere al Organiza\u0163iei Eurolines de la Bruxelles, fiind cel mai vechi membru al acestei organiza\u0163ii, format\u0103 din cei mai importanti manageri din domeniul transportului de persoane din Europa.<\/p>\n<p>Un moment semnificativ \u00een dezvoltarea Grupului a avut loc \u00een 2011, c\u00e2nd Eurolines a achizi\u0163ionat compania Danubius Travel \u015fi a stabilit un parteneriat strategic cu liderul mondial \u00een turism, TUI Travel Plc. De atunci, au fost inaugurate 35 de agen\u0163ii TUI TravelCenter.\u00a0<\/p>\n<p>\u00centre 2007 \u015fi 2009, Drago\u015f Anastasiu a ocupat func\u0163ia de pre\u015fedinte al Asocia\u0163iei Na\u0163ionale a Agen\u0163iilor de Turism din Rom\u00e2nia (ANAT), iar \u00eencep\u00e2nd din 2011, a fost cooptat \u00een Consiliul Director al Camerei de Comer\u0163 Rom\u00e2no-Germane.<\/p>\n<p><a href=\"https:\/\/www.realitatea.net\/stiri\/actual\/ilie-bolojan-va-participa-la-o-intalnire-cruciala-cu-liderii-europeni-soarta-europei-decisa-in-cadrul-summitului-defense-and-security-strategy-of-unity-de-la-kiev_67b8582cfb21aa7c4f2e16f9\" target=\"_blank\">Ilie Bolojan va participa la o \u00eent\u00e2lnire crucial\u0103 cu liderii europeni. Soarta Europei, decis\u0103 \u00een cadrul summitului \u201eDefense and Security Strategy of Unity\u201d de la Kiev<\/a><\/p>","protected":false},"excerpt":{"rendered":"<p>Potrivit Administra\u021biei Preziden\u021biale, \u00een exercitarea calit\u0103\u021bii de consilier onorific, Drago\u0219 Anastasiu va sprijini activitatea Departamentului&hellip;<\/p>\n","protected":false},"author":0,"featured_media":33575,"comment_status":"open","ping_status":"open","sticky":false,"template":"","format":"standard","meta":{"footnotes":""},"categories":[2],"tags":[],"class_list":["post-33574","post","type-post","status-publish","format-standard","has-post-thumbnail","hentry","category-actual"],"_links":{"self":[{"href":"https:\/\/247stiri.ro\/index.php\/wp-json\/wp\/v2\/posts\/33574","targetHints":{"allow":["GET"]}}],"collection":[{"href":"https:\/\/247stiri.ro\/index.php\/wp-json\/wp\/v2\/posts"}],"about":[{"href":"https:\/\/247stiri.ro\/index.php\/wp-json\/wp\/v2\/types\/post"}],"replies":[{"embeddable":true,"href":"https:\/\/247stiri.ro\/index.php\/wp-json\/wp\/v2\/comments?post=33574"}],"version-history":[{"count":0,"href":"https:\/\/247stiri.ro\/index.php\/wp-json\/wp\/v2\/posts\/33574\/revisions"}],"wp:featuredmedia":[{"embeddable":true,"href":"https:\/\/247stiri.ro\/index.php\/wp-json\/wp\/v2\/media\/33575"}],"wp:attachment":[{"href":"https:\/\/247stiri.ro\/index.php\/wp-json\/wp\/v2\/media?parent=33574"}],"wp:term":[{"taxonomy":"category","embeddable":true,"href":"https:\/\/247stiri.ro\/index.php\/wp-json\/wp\/v2\/categories?post=33574"},{"taxonomy":"post_tag","embeddable":true,"href":"https:\/\/247stiri.ro\/index.php\/wp-json\/wp\/v2\/tags?post=33574"}],"curies":[{"name":"wp","href":"https:\/\/api.w.org\/{rel}","templated":true}]}}