{"id":33578,"date":"2025-02-21T11:47:04","date_gmt":"2025-02-21T11:47:04","guid":{"rendered":"https:\/\/247stiri.ro\/index.php\/2025\/02\/21\/copii-scosi-in-frig-pentru-vizita-nateliei-intotero-revolta-uriasa-intr-o-scoala-din-romania\/"},"modified":"2025-02-21T11:47:04","modified_gmt":"2025-02-21T11:47:04","slug":"copii-scosi-in-frig-pentru-vizita-nateliei-intotero-revolta-uriasa-intr-o-scoala-din-romania","status":"publish","type":"post","link":"https:\/\/247stiri.ro\/index.php\/2025\/02\/21\/copii-scosi-in-frig-pentru-vizita-nateliei-intotero-revolta-uriasa-intr-o-scoala-din-romania\/","title":{"rendered":"Copii sco\u0219i \u00een frig pentru vizita Nateliei Intotero. Revolt\u0103 uria\u0219\u0103 \u00eentr-o \u0219coal\u0103 din Rom\u00e2nia"},"content":{"rendered":"<p><a href=\"https:\/\/www.realitatea.net\/stiri\/actual\/natalia-intotero-va-face-modificari-pentru-organizarea-expozitiilor-in-strainatate-invitam-toti-specialistii-din-domeniu-sa-vina-cu-propuneri_67a61ac80dc9c07b55121ef2\" target=\"_blank\">Activit\u0103\u021bile au fost<\/a> organizate special pentru vizita ministrului Culturii, Natalia Intotero.\u00a0<\/p>\n<p>Copiii de la o \u0219coal\u0103 din T\u00e2rgu Jiu au c\u00e2ntat \u00een frig \u00een timpul vizitei Nataliei Intotero<\/p>\n<p>P\u0103rin\u021bii sunt revolta\u021bi de situa\u021bia halucinant\u0103 \u0219i sus\u021bin cu vehemen\u021b\u0103 c\u0103 astfel de practici sunt comuniste.\u00a0<\/p>\n<p>\u00cens\u0103, Ministrul Culturii sus\u021bine c\u0103 nu \u0219tia condi\u021biile \u00een care se desf\u0103\u0219urau activit\u0103\u021bile copiilor.\u00a0<\/p>\n<p>Pe de alt\u0103 parte, vice-pre\u0219edinta consiliului jude\u021bean Gorj a declarat c\u0103 p\u0103rin\u021bii celor mici \u0219i-au dat acordul \u00een scris <a href=\"https:\/\/www.realitatea.net\/stiri\/actual\/ministrul-culturii-natalia-intotero-la-demis-pe-directorul-general-al-muzeulul-national-de-istorie-dupa-ce-acesta-a-refuzat-sa-se-retraga-de-bunavoie_6798f86948b86e336570e982\" target=\"_blank\">pentru eveniment.\u00a0<\/a><\/p>","protected":false},"excerpt":{"rendered":"<p>Activit\u0103\u021bile au fost organizate special pentru vizita ministrului Culturii, Natalia Intotero.\u00a0 Copiii de la o&hellip;<\/p>\n","protected":false},"author":0,"featured_media":33579,"comment_status":"open","ping_status":"open","sticky":false,"template":"","format":"standard","meta":{"footnotes":""},"categories":[2],"tags":[],"class_list":["post-33578","post","type-post","status-publish","format-standard","has-post-thumbnail","hentry","category-actual"],"_links":{"self":[{"href":"https:\/\/247stiri.ro\/index.php\/wp-json\/wp\/v2\/posts\/33578","targetHints":{"allow":["GET"]}}],"collection":[{"href":"https:\/\/247stiri.ro\/index.php\/wp-json\/wp\/v2\/posts"}],"about":[{"href":"https:\/\/247stiri.ro\/index.php\/wp-json\/wp\/v2\/types\/post"}],"replies":[{"embeddable":true,"href":"https:\/\/247stiri.ro\/index.php\/wp-json\/wp\/v2\/comments?post=33578"}],"version-history":[{"count":0,"href":"https:\/\/247stiri.ro\/index.php\/wp-json\/wp\/v2\/posts\/33578\/revisions"}],"wp:featuredmedia":[{"embeddable":true,"href":"https:\/\/247stiri.ro\/index.php\/wp-json\/wp\/v2\/media\/33579"}],"wp:attachment":[{"href":"https:\/\/247stiri.ro\/index.php\/wp-json\/wp\/v2\/media?parent=33578"}],"wp:term":[{"taxonomy":"category","embeddable":true,"href":"https:\/\/247stiri.ro\/index.php\/wp-json\/wp\/v2\/categories?post=33578"},{"taxonomy":"post_tag","embeddable":true,"href":"https:\/\/247stiri.ro\/index.php\/wp-json\/wp\/v2\/tags?post=33578"}],"curies":[{"name":"wp","href":"https:\/\/api.w.org\/{rel}","templated":true}]}}