{"id":33585,"date":"2025-02-21T12:50:28","date_gmt":"2025-02-21T12:50:28","guid":{"rendered":"https:\/\/247stiri.ro\/index.php\/2025\/02\/21\/donald-trump-ne-pasa-de-ucraina-dar-este-pe-alt-continent-secretarul-de-stat-al-sua-vine-cu-explicatii\/"},"modified":"2025-02-21T12:50:28","modified_gmt":"2025-02-21T12:50:28","slug":"donald-trump-ne-pasa-de-ucraina-dar-este-pe-alt-continent-secretarul-de-stat-al-sua-vine-cu-explicatii","status":"publish","type":"post","link":"https:\/\/247stiri.ro\/index.php\/2025\/02\/21\/donald-trump-ne-pasa-de-ucraina-dar-este-pe-alt-continent-secretarul-de-stat-al-sua-vine-cu-explicatii\/","title":{"rendered":"Donald Trump: \u201eNe pas\u0103 de Ucraina, dar este pe alt continent!\u201d. Secretarul de stat al SUA vine cu explica\u021bii"},"content":{"rendered":"<p>Mai mult, Rubio aminte\u0219te c\u0103 nici Joe Biden nu a fost mul\u021bumit de Zelenski, ba chiar l-a mustrat dur \u00eentr-un apel telefonic.\u00a0<\/p>\n<p>Marco Rubio, despre cum Trump e sup\u0103rat pe Zelenski<\/p>\n<p>\u201eC\u00e2nd Pre\u0219edintele Trump a postat c\u0103 Pre\u0219edintele Zelenski este un dictator f\u0103r\u0103 alegeri, la ce v-a\u021bi g\u00e2ndit?\u201d, a \u00eentrebat Catherine Herridge, jurnalist.<\/p>\n<p>\u201eCred c\u0103 Pre\u0219edintele Trump este foarte sup\u0103rat pe Pre\u0219edintele Zelenski \u0219i \u2013 pe bun\u0103 dreptate. Uita\u021bi-v\u0103, \u00een primul r\u00e2nd, \u0219i Joe Biden a avut frustr\u0103ri fa\u021b\u0103 de Zelenski. Oamenii nu ar trebui s\u0103 uite asta. Exist\u0103 articole \u00een ziare despre cum l-a \u00eenjurat \u00eentr-un apel telefonic, pentru c\u0103 Zelenski, \u00een loc s\u0103 spun\u0103 \u201emul\u021bumesc\u201d pentru tot ajutorul primit, a \u00eenceput imediat s\u0103 spun\u0103 ce nu facem sau ce nu prime\u0219te.<\/p>\n<p>\u00a0Apoi, pe plan personal, am fost foarte sup\u0103rat pentru c\u0103 am avut o conversa\u021bie cu Pre\u0219edintele Zelenski \u2013 eu, Vicepre\u0219edintele \u0219i el, noi trei. Am discutat despre problema drepturilor asupra resurselor minerale \u0219i i-am explicat: uite, vrem s\u0103 fim \u00eentr-un parteneriat cu voi \u2013 nu pentru a fura ceva din \u021bara voastr\u0103, ci pentru c\u0103 consider\u0103m c\u0103 asta ar fi o garan\u021bie de securitate. Dac\u0103 suntem parteneri \u00eentr-un proiect economic important, putem recupera o parte din banii pe care contribuabilii i-au dat \u2013 aproape 200 de miliarde de dolari. \u0218i, \u00een plus, acum avem un interes direct \u00een securitatea Ucrainei. Iar el a spus: \u201eDesigur, vrem s\u0103 facem aceast\u0103 afacere; are tot sensul din lume.\u201d, <a href=\"https:\/\/www.realitatea.net\/stiri\/extern\/razboi-in-ucraina-ziua-1081-romania-si-alte-11-state-solicita-g7-masuri-pentru-a-reduce-veniturile-rusiei-din-transportul-de-energie-live-text_67a6f1f4d916d054f92e4ea2\" target=\"_blank\">a transmis Marco Rubio<\/a>, secretar de stat al Statelor Unite ale Americii.<\/p>\n<p>\u201eAm citit dup\u0103 dou\u0103 zile c\u0103 Zelenski a declarat \u00een public: \u201eAm respins oferta; le-am spus c\u0103 nu, nu facem asta.\u201d Ei bine, nu asta s-a discutat \u00een acea \u00eent\u00e2lnire. A\u0219a c\u0103 \u00eencepi s\u0103 te superi \u2013 \u00eencerc\u0103m s\u0103 \u00eei ajut\u0103m pe ace\u0219ti oameni. Unul dintre punctele de vedere pe care Pre\u0219edintele (Trump) le-a transmis \u00een mesajele sale a fost c\u0103 nu este vorba de faptul c\u0103 nu ne pas\u0103 de Ucraina, dar Ucraina se afl\u0103 pe un alt continent. Nu are un impact direct asupra vie\u021bii de zi cu zi a americanilor. Ne pas\u0103 de Ucraina pentru c\u0103 are implica\u021bii pentru alia\u021bii no\u0219tri \u0219i, \u00een cele din urm\u0103, pentru \u00eentreaga lume. Ar trebui s\u0103 existe un anumit nivel de recuno\u0219tin\u021b\u0103 \u00een leg\u0103tur\u0103 cu asta.\u201d, <a href=\"https:\/\/www.realitatea.net\/stiri\/actual\/marco-rubio-a-preluat-conducerea-interimara-a-usaid-pe-fondul-scandalului-creat-de-elon-musk_67a106ac50eff51be1713e92\" target=\"_blank\">a completat acesta.<\/a><\/p>\n<p>\u00a0<\/p>","protected":false},"excerpt":{"rendered":"<p>Mai mult, Rubio aminte\u0219te c\u0103 nici Joe Biden nu a fost mul\u021bumit de Zelenski, ba&hellip;<\/p>\n","protected":false},"author":0,"featured_media":33586,"comment_status":"open","ping_status":"open","sticky":false,"template":"","format":"standard","meta":{"footnotes":""},"categories":[4],"tags":[],"class_list":["post-33585","post","type-post","status-publish","format-standard","has-post-thumbnail","hentry","category-extern"],"_links":{"self":[{"href":"https:\/\/247stiri.ro\/index.php\/wp-json\/wp\/v2\/posts\/33585","targetHints":{"allow":["GET"]}}],"collection":[{"href":"https:\/\/247stiri.ro\/index.php\/wp-json\/wp\/v2\/posts"}],"about":[{"href":"https:\/\/247stiri.ro\/index.php\/wp-json\/wp\/v2\/types\/post"}],"replies":[{"embeddable":true,"href":"https:\/\/247stiri.ro\/index.php\/wp-json\/wp\/v2\/comments?post=33585"}],"version-history":[{"count":0,"href":"https:\/\/247stiri.ro\/index.php\/wp-json\/wp\/v2\/posts\/33585\/revisions"}],"wp:featuredmedia":[{"embeddable":true,"href":"https:\/\/247stiri.ro\/index.php\/wp-json\/wp\/v2\/media\/33586"}],"wp:attachment":[{"href":"https:\/\/247stiri.ro\/index.php\/wp-json\/wp\/v2\/media?parent=33585"}],"wp:term":[{"taxonomy":"category","embeddable":true,"href":"https:\/\/247stiri.ro\/index.php\/wp-json\/wp\/v2\/categories?post=33585"},{"taxonomy":"post_tag","embeddable":true,"href":"https:\/\/247stiri.ro\/index.php\/wp-json\/wp\/v2\/tags?post=33585"}],"curies":[{"name":"wp","href":"https:\/\/api.w.org\/{rel}","templated":true}]}}