{"id":33591,"date":"2025-02-21T12:50:31","date_gmt":"2025-02-21T12:50:31","guid":{"rendered":"https:\/\/247stiri.ro\/index.php\/2025\/02\/21\/anca-alexandrescu-dezvaluire-bomba-in-scandalul-momentului-de-ce-vrea-becali-sa-candideze-la-prezidentiale-este-foarte-clar-ca-face-un-anumit-joc\/"},"modified":"2025-02-21T12:50:31","modified_gmt":"2025-02-21T12:50:31","slug":"anca-alexandrescu-dezvaluire-bomba-in-scandalul-momentului-de-ce-vrea-becali-sa-candideze-la-prezidentiale-este-foarte-clar-ca-face-un-anumit-joc","status":"publish","type":"post","link":"https:\/\/247stiri.ro\/index.php\/2025\/02\/21\/anca-alexandrescu-dezvaluire-bomba-in-scandalul-momentului-de-ce-vrea-becali-sa-candideze-la-prezidentiale-este-foarte-clar-ca-face-un-anumit-joc\/","title":{"rendered":"Anca Alexandrescu, DEZV\u0102LUIRE BOMB\u0102 \u00een scandalul momentului! De ce vrea Becali s\u0103 candideze la preziden\u021biale: Este foarte clar c\u0103 face un anumit joc"},"content":{"rendered":"<p>&#8222;Nu e prima oara c\u00e2nd dl Becali face astfel de declara\u021bii. Eu am povestit c\u0103 \u0219i mie mi-a spus c\u0103 se va \u00eenscrie \u00een cursa electoral\u0103 dac\u0103 nu va candida George Simion. De altfel, \u0219i-a manifestat dezacordul cu C\u0103lin Georgescu de mai multe luni de zile. Nu m\u0103 surprinde. De ce? Pentru c\u0103 \u0219ti\u021bi c\u0103 tot \u00een emisiunea mea, dl Becali a dezv\u0103luit discu\u021biile pe care le-a avut cu Viorel Hrebenciuc \u00een leg\u0103tur\u0103 cu ajutarea lui George Simion pentru a-l introduce \u00een turul 2 ca s\u0103 c\u00e2\u0219tige Marcel Ciolacu. Aduce\u021bi-v\u0103 aminte c\u0103 la mine \u00een emisiune a f\u0103cut aceste dezv\u0103luiri.\u00a0<\/p>\n<p>Am v\u0103zut fotografiile de la meciul FCSB, unde \u00een loja dl Becali se aflau \u0219i Viorel Hrebenciuc, \u0219i Marcel Ciolacu. Este foarte clar c\u0103 face un anumit joc \u0219i este op\u021biunea domniei sale, numai c\u0103 AUR-ul trebuie s\u0103 rezolve aceast\u0103 problem\u0103.\u00a0<\/p>\n<p>M-a surprins un pic mai devreme declara\u021bia dl <a href=\"https:\/\/www.realitatea.net\/stiri\/politica\/gheorghe-piperea-da-de-pamant-cu-becali-dupa-manevra-marsava-dupa-parerea-mea-ar-fi-putin-bizar-ca-sa-nu-spun-ridicol_67b856bcfb21aa7c4f2e16ea\" target=\"_blank\">Gheorghe Piperea<\/a>, europarlamentar AUR, care a spus ca AUR nu a hot\u0103r\u00e2t \u00eenc\u0103 pe cine va sus\u021bine dac\u0103 va fi interzis C\u0103lin Georgescu. De ce s\u0103 fie interzis? Mi se pare o declara\u021bie care introduce un nou dubiu vizavi de o anumit\u0103 pozi\u021bionare. George Simion a fost extrem de categoric \u0219i de clar c\u0103-l vor sus\u021bine pe C\u0103lin Georgescu p\u00e2n\u0103 la cap\u0103t. Dac\u0103 va exista vreo piedic\u0103, lucrul acesta va trebui explicat \u0219i trebuie probat.\u00a0<\/p>\n<p>Chiar dac\u0103 globali\u0219tii \u0219i dispera\u021bii sorosi\u0219ti care fac liste negre cu noi, cei care avem o alt\u0103 opinie dec\u00e2t ei, vorbesc despre interzicerea lui C\u0103lin Georgescu, p\u00e2n\u0103 la aceast\u0103 or\u0103 nimeni n-a produs nicio prob\u0103 care s\u0103 \u00eendrept\u0103\u021beasc\u0103 aceast\u0103 teorie. Nu a venit nimeni cu proba c\u0103 ru\u0219i au fost implica\u021bi \u00een campania lui C\u0103lin Georgescu. Nu a venit nimeni cu proba c\u0103 a fost influen\u021bat votul sau campania sau rezultatul. Toate institu\u021biile statului au spus c\u0103 nu au fost influen\u021bate.<\/p>\n<p>Mai mult dec\u00e2t at\u00e2ta, ma uit cu \u00eengrijorare la atitudinea pre\u0219edintelui interimar &#8211; despre care am spus de foarte multe ori c\u0103 el nu este ales \u0219i trebuie s\u0103 dea socoteal\u0103 pentru mandatul cu care s-a dus la Paris &#8211;\u00a0 care refuz\u0103 s\u0103 convoace CSAT-ul, de\u0219i \u0219i premierul i-a cerut acest lucru \u0219i mai mul\u021bi lideri. \u0218i Crin Antonescu, \u0219i Nicu\u0219or Dan. Tot mai mult\u0103 lume cere convocarea CSAT-ului pentru l\u0103murirea acelor documente care au fost declasificate. Dac\u0103 mai exist\u0103 sau nu alte probe&#8221;, a declarat vineri Anca Alexandrescu \u00eentr-o interven\u021bie telefonic\u0103 la Realitatea PLUS.\u00a0<\/p>\n<p>&#8222;M\u0103\u00a0\u00eengrijoreaz\u0103 atitudinea mili\u021bianului Predoiu&#8221;<\/p>\n<p>&#8222;Vine dinspre Statele Unite un val &#8211; \u00een niciun caz o presiune, \u00een niciun caz o amenin\u021bare &#8211; ci pur \u0219i simplu o \u00eencurajare a rom\u00e2nilor de a-\u0219i lua soarta \u00een propriile m\u00e2ini, de a avea curaj s\u0103 proteseteze, s\u0103 cear\u0103 respectarea legii, a Constitu\u021biei \u0219i de a avea curaj s\u0103 ias\u0103 la proteste pentru a cere \u00eenl\u0103turarea celor care au \u00eenc\u0103lcat legea, Constitu\u021bia, \u0219i care azi nu mai au niciun fel de legitimitate s\u0103 se mai afle \u00een acele pozi\u021bii.\u00a0<\/p>\n<p>M\u0103 \u00eengrijoreaz\u0103, de asemenea, atitudinea mili\u021bianului C\u0103t\u0103lin Predoiu, care \u0219i azi a pus angaja\u021bii Jandarmeriei s\u0103 legitimeze oamenii care erau \u00een jurul Pie\u021bei Victoriei cu steaguri tricolore \u00een m\u00e2na. E inadmisibil ce se \u00eent\u00e2mpl\u0103. \u00cen continuare sunt h\u0103itui\u021bi oamenii care \u00eendr\u0103znesc s\u0103-\u0219i exprime opinia \u00een favoarea lui C\u0103lin Georgescu. Lucrurile acestea trebuie s\u0103 \u00eenceteze&#8221;, a mai spus moderatoarea emisiunii Culisele Statului Paralel de la Realitatea PLUS.\u00a0<\/p>","protected":false},"excerpt":{"rendered":"<p>&#8222;Nu e prima oara c\u00e2nd dl Becali face astfel de declara\u021bii. Eu am povestit c\u0103&hellip;<\/p>\n","protected":false},"author":0,"featured_media":33592,"comment_status":"open","ping_status":"open","sticky":false,"template":"","format":"standard","meta":{"footnotes":""},"categories":[3],"tags":[],"class_list":["post-33591","post","type-post","status-publish","format-standard","has-post-thumbnail","hentry","category-politica"],"_links":{"self":[{"href":"https:\/\/247stiri.ro\/index.php\/wp-json\/wp\/v2\/posts\/33591","targetHints":{"allow":["GET"]}}],"collection":[{"href":"https:\/\/247stiri.ro\/index.php\/wp-json\/wp\/v2\/posts"}],"about":[{"href":"https:\/\/247stiri.ro\/index.php\/wp-json\/wp\/v2\/types\/post"}],"replies":[{"embeddable":true,"href":"https:\/\/247stiri.ro\/index.php\/wp-json\/wp\/v2\/comments?post=33591"}],"version-history":[{"count":0,"href":"https:\/\/247stiri.ro\/index.php\/wp-json\/wp\/v2\/posts\/33591\/revisions"}],"wp:featuredmedia":[{"embeddable":true,"href":"https:\/\/247stiri.ro\/index.php\/wp-json\/wp\/v2\/media\/33592"}],"wp:attachment":[{"href":"https:\/\/247stiri.ro\/index.php\/wp-json\/wp\/v2\/media?parent=33591"}],"wp:term":[{"taxonomy":"category","embeddable":true,"href":"https:\/\/247stiri.ro\/index.php\/wp-json\/wp\/v2\/categories?post=33591"},{"taxonomy":"post_tag","embeddable":true,"href":"https:\/\/247stiri.ro\/index.php\/wp-json\/wp\/v2\/tags?post=33591"}],"curies":[{"name":"wp","href":"https:\/\/api.w.org\/{rel}","templated":true}]}}