{"id":3360,"date":"2024-10-31T12:37:52","date_gmt":"2024-10-31T12:37:52","guid":{"rendered":"https:\/\/247stiri.ro\/index.php\/2024\/10\/31\/scandalul-fermelor-de-troli-aep-a-solicitat-platformelor-tiktok-facebook-si-instagram-sa-verifice-si-sa-ia-masuri-anuntul-lui-toni-grebla\/"},"modified":"2024-10-31T12:37:52","modified_gmt":"2024-10-31T12:37:52","slug":"scandalul-fermelor-de-troli-aep-a-solicitat-platformelor-tiktok-facebook-si-instagram-sa-verifice-si-sa-ia-masuri-anuntul-lui-toni-grebla","status":"publish","type":"post","link":"https:\/\/247stiri.ro\/index.php\/2024\/10\/31\/scandalul-fermelor-de-troli-aep-a-solicitat-platformelor-tiktok-facebook-si-instagram-sa-verifice-si-sa-ia-masuri-anuntul-lui-toni-grebla\/","title":{"rendered":"Scandalul fermelor de troli. AEP a solicitat platformelor Tiktok, Facebook \u015fi Instagram s\u0103 verifice \u015fi s\u0103 ia m\u0103suri. Anun\u021bul lui Toni Grebl\u0103"},"content":{"rendered":"<p>&#8222;Noi colabor\u0103m de mai mult\u0103 vreme pe acest subiect, nu neap\u0103rat pe subiectul trolilor, ci pe subiectul necesit\u0103\u0163ii de a combate fake news-urile, dezinformarea \u015fi def\u0103imarea, care au \u00eenceput s\u0103 devin\u0103 specifice companiilor electorale, campaniilor media, de altfel. \u015ei sigur c\u0103 \u015fi \u00een cursul zilei de ieri \u015fi ast\u0103zi am avut discu\u0163ii, at\u00e2t cu conducerea ANCOM, c\u00e2t \u015fi cu conducerea Ministerului Digitaliz\u0103rii.<\/p>\n<p>\u015ei \u00een acest sens, Autoritatea Electoral\u0103 Permanent\u0103, ast\u0103zi, \u00een cursul dimine\u0163ii, a solicitat principalelor platforme &#8211; Tiktok, Facebook \u015fi Instagram &#8211; s\u0103 verifice dac\u0103 exist\u0103 fluxuri semnificative de comunica\u0163ii, dac\u0103 exist\u0103 indicii c\u0103 anumi\u0163i candida\u0163i la alegerile preziden\u0163iale, \u00een general, dac\u0103 \u00een contextul campaniei electorale pentru alegerea pre\u015fedintelui au identificat astfel de posibilit\u0103\u0163i \u015fi dac\u0103 le-au identificat, s\u0103 ia m\u0103surile corespunz\u0103toare \u015fi s\u0103 ne informeze \u015fi pe noi \u00een acest sens&#8221;, a afirmat Grebl\u0103, la o conferin\u0163\u0103 de pres\u0103, \u00eentrebat dac\u0103 a avut discu\u0163ii cu ANCOM \u00een leg\u0103tur\u0103 cu folosirea &#8216;fermelor de troli&#8217; la alegeri.<\/p>\n<p>Grebl\u0103 spune \u00eens\u0103 c\u0103 AEP nu a primit nicio sesizare oficial\u0103 din partea unui organism al statului rom\u00e2n \u015fi nici de la persoane fizice sau alte persoane juridice \u015fi nu discutat cu reprezentan\u0163ii Ministerului de Interne pe marginea acestui subiect.<\/p>\n<p>Pre\u0219edintele AEP a precizat, \u00een context, c\u0103 exist\u0103 o obliga\u0163ie pentru platformele social-media de a \u00eendep\u0103rta, respectiv de a \u015fterge astfel de post\u0103ri.<\/p>\n<p>&#8222;\u00cen ceea ce prive\u015fte Autoritatea Electoral\u0103 Permanent\u0103, eu pot s\u0103 v\u0103 spun c\u0103 dac\u0103 vom sesiza, dac\u0103 vom descoperi astfel de situa\u0163ii, vom vedea sursele de finan\u0163are \u015fi modul \u00een care au fost pl\u0103tite aceste activit\u0103\u0163i, pentru c\u0103 nimeni nu face ceva gratis \u00een aceast\u0103 privin\u0163\u0103. \u015ei avem posibilitatea s\u0103 confisc\u0103m sumele astfel cheltuite, s\u0103 aplic\u0103m sanc\u0163iuni contraven\u0163ionale \u015fi, dac\u0103 consider\u0103m c\u0103 s-a s\u0103v\u00e2r\u015fit o fapt\u0103 penal\u0103, avem obliga\u0163ia s\u0103 sesiz\u0103m autorit\u0103\u0163ile competente&#8221;, a explicat Toni Grebl\u0103.<\/p>\n<p>Despre verific\u0103ri ale AEP cu privire la modul \u00een care candida\u0163ii \u00ee\u015fi fac campanie \u00een online, Grebl\u0103 a spus: &#8222;Nu, pentru c\u0103 nu avem atribu\u0163ii \u00een acest sens, nu avem nici structura \u015fi dotarea corespunz\u0103toare, sunt alte institu\u0163ii care au aceast\u0103 misiune&#8221;.<\/p>\n<p>&#8222;Noi verific\u0103m numai legalitatea veniturilor, legalitatea efectu\u0103rii cheltuielilor \u015fi a con\u0163inutului mesajelor atunci c\u00e2nd le avem. Nu am fost sesiza\u0163i \u00een leg\u0103tur\u0103 cu mesaje transmise \u00een sistemul de care vorbea\u0163i dumneavoastr\u0103 sau \u00een alt sistem. C\u00e2nd vom fi sesiza\u0163i, vom verifica dac\u0103 ceea ce s-a folosit ca propagand\u0103 electoral\u0103 \u00eendepline\u015fte condi\u0163iile prev\u0103zute de lege \u015fi vom lua m\u0103surile corespunz\u0103toare&#8221;, a ad\u0103ugat \u015feful AEP.<\/p>\n<p>Pe de alt\u0103 parte, acesta spune c\u0103 nu \u015ftie dac\u0103 au toate partidele o asemenea promovare online \u015fi nici dac\u0103 competitorii politici au contractat astfel de activit\u0103\u0163i.<\/p>\n<p>&#8222;Sigur c\u0103 ar trebui definit mai \u00eent\u00e2i ce \u00eenseamn\u0103 &#8216;ferme de troli&#8217;, pentru c\u0103 o &#8216;ferm\u0103 de troli&#8217; \u00eenseamn\u0103 o serie de calculatoare a\u015fezate \u00eentr-o anume configura\u0163ie, care s\u0103 permit\u0103 o multiplicare \u00een mii, zeci de mii de exemplare, s\u0103 zic cu ghilimele de rigoare, ale mesajelor pe care ace\u015ftia le transmit. Aceasta este o chestie tehnic\u0103, v\u0103 rog s\u0103-i \u00eentreba\u0163i pe cei care autorizeaz\u0103 astfel de activit\u0103\u0163i, care verific\u0103. Autoritatea Electoral\u0103 Permanent\u0103 nu are competen\u0163\u0103 \u00een acest caz, dec\u00e2t la sesizare, vedem con\u0163inutul acelor mesaje \u015fi dispunem \u00eendep\u0103rtarea \u015fi, evident, contravaloarea acestora se confisc\u0103&#8221;, a mai explicat Grebl\u0103.<\/p>\n<p>\u00cen leg\u0103tur\u0103 cu legalitatea unor astfel de &#8216;ferme&#8217; de troli, el a mai spus c\u0103 este nevoie de timp pentru reglementarea acestui domeniu.<\/p>\n<p>&#8222;\u00centotdeauna, \u00eentre progresul tehnologic \u015fi reglementarea legal\u0103 exist\u0103 o diferen\u0163\u0103 de timp, pentru c\u0103 progresul tehnologic este mult mai rapid, mai u\u015for de implementat dec\u00e2t o reglementare care s\u0103 combat\u0103 eventualele efecte negative ale progresului tehnic \u015fi tehnologic. Dup\u0103 cum \u015fti\u0163i, la nivel mondial, la nivelul Comisiei Europene exist\u0103 preocup\u0103ri pentru a \u00eencerca s\u0103 combat\u0103 efectele fake news-urilor, dezinform\u0103rii, def\u0103im\u0103rii \u015fi a\u015fa mai departe a unei propagande care este \u00een afara regulilor democratice ale competi\u0163iei politice. P\u00e2n\u0103 \u00een prezent, inclusiv la nivelul Comisiei Europene, la nivelul platformelor social media, exist\u0103 progrese nesemnificative \u00een acest sens \u015fi p\u00e2n\u0103 la conturarea unei legisla\u0163ii foarte precise \u00een acest domeniu, dup\u0103 p\u0103rerea mea, va mai dura ceva timp&#8221;, a mai spus \u015feful AEP.<\/p>\n<p>Subiectul a ap\u0103rut \u00een spa\u0163iul public dup\u0103 ce pre\u015fedintele USR, Elena Lasconi, l-a acuzat mar\u0163i pe Mircea Geoan\u0103 c\u0103 s-a \u00eent\u00e2lnit cu Tal Hanan, &#8221;deconspirat \u00een urma unei investiga\u0163ii jurnalistice interna\u0163ionale ca fiind \u00een spatele unor opera\u0163iuni de manipulare a alegerilor \u00een zeci de state din lume, prin intermediul fake news, a &#8216;fermelor de troli&#8217; \u015fi opera\u0163iuni \u00een social media menite s\u0103 decredibilizeze candida\u0163i&#8221;.<\/p>","protected":false},"excerpt":{"rendered":"<p>&#8222;Noi colabor\u0103m de mai mult\u0103 vreme pe acest subiect, nu neap\u0103rat pe subiectul trolilor, ci&hellip;<\/p>\n","protected":false},"author":0,"featured_media":3361,"comment_status":"open","ping_status":"open","sticky":false,"template":"","format":"standard","meta":{"footnotes":""},"categories":[3],"tags":[],"class_list":["post-3360","post","type-post","status-publish","format-standard","has-post-thumbnail","hentry","category-politica"],"_links":{"self":[{"href":"https:\/\/247stiri.ro\/index.php\/wp-json\/wp\/v2\/posts\/3360","targetHints":{"allow":["GET"]}}],"collection":[{"href":"https:\/\/247stiri.ro\/index.php\/wp-json\/wp\/v2\/posts"}],"about":[{"href":"https:\/\/247stiri.ro\/index.php\/wp-json\/wp\/v2\/types\/post"}],"replies":[{"embeddable":true,"href":"https:\/\/247stiri.ro\/index.php\/wp-json\/wp\/v2\/comments?post=3360"}],"version-history":[{"count":0,"href":"https:\/\/247stiri.ro\/index.php\/wp-json\/wp\/v2\/posts\/3360\/revisions"}],"wp:featuredmedia":[{"embeddable":true,"href":"https:\/\/247stiri.ro\/index.php\/wp-json\/wp\/v2\/media\/3361"}],"wp:attachment":[{"href":"https:\/\/247stiri.ro\/index.php\/wp-json\/wp\/v2\/media?parent=3360"}],"wp:term":[{"taxonomy":"category","embeddable":true,"href":"https:\/\/247stiri.ro\/index.php\/wp-json\/wp\/v2\/categories?post=3360"},{"taxonomy":"post_tag","embeddable":true,"href":"https:\/\/247stiri.ro\/index.php\/wp-json\/wp\/v2\/tags?post=3360"}],"curies":[{"name":"wp","href":"https:\/\/api.w.org\/{rel}","templated":true}]}}