{"id":33604,"date":"2025-02-21T13:47:02","date_gmt":"2025-02-21T13:47:02","guid":{"rendered":"https:\/\/247stiri.ro\/index.php\/2025\/02\/21\/protestatari-cu-steaguri-legitimati-de-jandarmi-pentru-intimidare-purtatorul-de-cuvant-al-jandarmeriei-intervine-video\/"},"modified":"2025-02-21T13:47:02","modified_gmt":"2025-02-21T13:47:02","slug":"protestatari-cu-steaguri-legitimati-de-jandarmi-pentru-intimidare-purtatorul-de-cuvant-al-jandarmeriei-intervine-video","status":"publish","type":"post","link":"https:\/\/247stiri.ro\/index.php\/2025\/02\/21\/protestatari-cu-steaguri-legitimati-de-jandarmi-pentru-intimidare-purtatorul-de-cuvant-al-jandarmeriei-intervine-video\/","title":{"rendered":"Protestatari cu steaguri, legitima\u021bi de jandarmi: \u201ePentru intimidare?\u201d Purt\u0103torul de cuv\u00e2nt al Jandarmeriei intervine &#8211; VIDEO"},"content":{"rendered":"<p>UPDATE &#8211; \u201eEste o informa\u021bie fals\u0103!\u201d, a transmis Alexandru Iacob, purt\u0103torul de cuv\u00e2nt al Jandarmeriei pentru Realitatea PLUS.<\/p>\n<p>\u201eBun\u0103 ziua! \u00cen primul r\u00e2nd, \u00eemi pare bine c\u0103 ne l\u0103sa\u021bi s\u0103 oferim \u0219i punctul de vedere al Jandarmeriei. Vreau s\u0103 precizez c\u0103 \u00een leg\u0103tura cu informa\u021bia difuzat\u0103 de postul dumneavoastr\u0103, referitoare la faptul c\u0103 jandarmii legitimeaz\u0103 \u00een Pia\u021ba Victoriei persoanele care au asupra lor steaguri tricolore, preciz\u0103m c\u0103 aceast\u0103 informa\u021bie este complet fals\u0103. Jandarmii nu legitimeaz\u0103 persoanele care flutur\u0103 steagurile. \u00cencerc s\u0103 discut doar cu dumneavoastr\u0103, s\u0103 avem un dialog. Legitim\u0103m persoanele care au asupra lor bagaje, gen\u021bi voluminoase, aveau rucsacuri \u0219i este o m\u0103sur\u0103 preventiv\u0103 pe care noi o adopt\u0103m pentru protec\u021bia participan\u021bilor. A\u0219a prevede legea. Exact asta vreau s\u0103 l\u0103murim, faptul c\u0103 aveau steaguri asupra lor nu este criteriu care s\u0103 duc\u0103 la legitimare. Este vorba despre faptul c\u0103 aveau \u0219i bagaje. Eu am confirmarea de la colegii mei c\u0103 au avut asupra lor bagaje, iar \u00een adun\u0103rile publice trecute \u0219i chiar \u0219i ast\u0103zi am g\u0103sit o persoan\u0103 care avea asupra ei un cu\u021bit. Poate pune \u00een pericol siguran\u021ba cet\u0103\u021benilor, a participan\u021bilor \u0219i a for\u021belor ordine. Tocmai de asta verific\u0103m bagajele persoanelor pentru a ne asigura c\u0103 nu ascund obiecte periculoase. Jandarmii \u0219i-au f\u0103cut doar datoria. Au respectat obliga\u021biile pe care le au. Aceste m\u0103suri au caracter preventiv, nu de intimidare.\u201d, a declarat oficialul.<\/p>\n<p>Jandarmeria: \u201eVerific\u0103m bagajele dac\u0103 pot avea obiecte interzise!\u201d<\/p>\n<p><a href=\"https:\/\/www.realitatea.net\/stiri\/actual\/mobilizare-de-amploare-pe-retelele-de-socializare-romanii-care-lupta-pentru-dreptate-ies-astazi-din-nou-in-strada_67b81b08506dd07cbe7a5d12\" target=\"_blank\">\u00a0Ace\u0219tia acuz\u0103<\/a> c\u0103 oamenii legii au vrut doar s\u0103 \u00eei intimideze deoarece le-au cerut datele f\u0103r\u0103 vreun motiv anume.<\/p>\n<p>\u00a0\u00cen replic\u0103, jandarmeria a anun\u021bat c\u0103 sunt verificate persoanele care au bagaje voluminoase pentru a nu aduce \u00een mijlocul protestatarilor obiecte periculoase sau substan\u021be interzise.\u00a0<\/p>\n<p>\u201eDar, de ce domnule? Pentru intimidare? P\u0103i&#8230;pe bune vorbesc serios. Ave\u021bi un ordin de serviciu, de control? C\u0103 nu exist\u0103 a\u0219a ceva. Trebuie s\u0103 veni\u021bi cu Constitu\u021bia&#8230;s\u0103 ne ar\u0103ta\u021bi lucrurile astea. Este normal ce face\u021bi dumneavoastr\u0103 aici?\u201d, <a href=\"https:\/\/www.realitatea.net\/stiri\/politica\/anca-alexandrescu_67b86fcd6153b501483a5c72\" target=\"_blank\">a transmis protestatarul.<\/a><\/p>\n\n<p>\u00a0<\/p>","protected":false},"excerpt":{"rendered":"<p>UPDATE &#8211; \u201eEste o informa\u021bie fals\u0103!\u201d, a transmis Alexandru Iacob, purt\u0103torul de cuv\u00e2nt al Jandarmeriei&hellip;<\/p>\n","protected":false},"author":0,"featured_media":33605,"comment_status":"open","ping_status":"open","sticky":false,"template":"","format":"standard","meta":{"footnotes":""},"categories":[2],"tags":[],"class_list":["post-33604","post","type-post","status-publish","format-standard","has-post-thumbnail","hentry","category-actual"],"_links":{"self":[{"href":"https:\/\/247stiri.ro\/index.php\/wp-json\/wp\/v2\/posts\/33604","targetHints":{"allow":["GET"]}}],"collection":[{"href":"https:\/\/247stiri.ro\/index.php\/wp-json\/wp\/v2\/posts"}],"about":[{"href":"https:\/\/247stiri.ro\/index.php\/wp-json\/wp\/v2\/types\/post"}],"replies":[{"embeddable":true,"href":"https:\/\/247stiri.ro\/index.php\/wp-json\/wp\/v2\/comments?post=33604"}],"version-history":[{"count":0,"href":"https:\/\/247stiri.ro\/index.php\/wp-json\/wp\/v2\/posts\/33604\/revisions"}],"wp:featuredmedia":[{"embeddable":true,"href":"https:\/\/247stiri.ro\/index.php\/wp-json\/wp\/v2\/media\/33605"}],"wp:attachment":[{"href":"https:\/\/247stiri.ro\/index.php\/wp-json\/wp\/v2\/media?parent=33604"}],"wp:term":[{"taxonomy":"category","embeddable":true,"href":"https:\/\/247stiri.ro\/index.php\/wp-json\/wp\/v2\/categories?post=33604"},{"taxonomy":"post_tag","embeddable":true,"href":"https:\/\/247stiri.ro\/index.php\/wp-json\/wp\/v2\/tags?post=33604"}],"curies":[{"name":"wp","href":"https:\/\/api.w.org\/{rel}","templated":true}]}}