{"id":33625,"date":"2025-02-21T14:50:23","date_gmt":"2025-02-21T14:50:23","guid":{"rendered":"https:\/\/247stiri.ro\/index.php\/2025\/02\/21\/manuela-harabor-sterge-pe-jos-catalin-predoiu-dupa-ce-mai-multi-protestatari-au-fost-legitimati-de-jandarmi-se-comporta-exact-ca-un-militian\/"},"modified":"2025-02-21T14:50:23","modified_gmt":"2025-02-21T14:50:23","slug":"manuela-harabor-sterge-pe-jos-catalin-predoiu-dupa-ce-mai-multi-protestatari-au-fost-legitimati-de-jandarmi-se-comporta-exact-ca-un-militian","status":"publish","type":"post","link":"https:\/\/247stiri.ro\/index.php\/2025\/02\/21\/manuela-harabor-sterge-pe-jos-catalin-predoiu-dupa-ce-mai-multi-protestatari-au-fost-legitimati-de-jandarmi-se-comporta-exact-ca-un-militian\/","title":{"rendered":"Manuela H\u0103r\u0103bor \u0219terge pe jos C\u0103t\u0103lin Predoiu, dup\u0103 ce mai mul\u021bi protestatari au fost legitima\u021bi de jandarmi: \u201dSe comport\u0103 exact ca un mili\u021bian\u201d"},"content":{"rendered":"<p><a href=\"https:\/\/www.realitatea.net\/stiri\/actual\/catalin-predoiu-raspunde-acuzatiilor-ca-politia-romana-face-politie-politica-suntem-obligati-sa-aplicam-legea_67b75b5da624ec7441183312\" target=\"_blank\">Manuela H\u0103r\u0103bor<\/a> a declarat c\u0103 jandarmii au ac\u021bionat la ordinul lui C\u0103t\u0103lin Predoiu pe care l-a acuzat c\u0103 se comport\u0103 ca un mili\u021bian.<\/p>\n<p>\u201dE clar c\u0103 e ordinul dat de domnul Predoiu. Nu a\u0219 vrea s\u0103 \u00eel jignesc \u0219i s\u0103 \u00eel numesc mili\u021bian, dar se comport\u0103 exact ca un mili\u021bian. Sunt la ordinele lui. Eu a\u0219 vrea s\u0103 le transmit un mesaj jandarmilor care sunt acum \u00een Pia\u021ba Universit\u0103\u021bii:<\/p>\n<p>S\u0103 nu uite c\u0103 acum 35 de ani, armata era al\u0103turi de poporul rom\u00e2n. De data asta cred c\u0103 ar trebui s\u0103 \u00ee\u0219i aduc\u0103 aminte de spiritul rom\u00e2nesc, ar trebui s\u0103 fie sinceri cu ei \u00een\u0219i\u0219i \u0219i s\u0103 vad\u0103 ce se \u00eent\u00e2mpl\u0103 \u00een \u021bara asta \u0219i s\u0103 fie de partea poporului\u201d, a spus Manuela H\u0103r\u0103bor, la Realitatea PLUS.\u00a0<\/p>\n<p>Mai mult, actri\u021ba a m\u0103turat \u0219i cu interimarul Ilie Bolojan despre care a spus c\u0103 a \u00eenc\u0103lecat pe Rom\u00e2nia \u0219i face totul dup\u0103 bunul plac.\u00a0<\/p>\n<p>\u201dFelul \u00een care se comport\u0103 domnul Predoiu, evident, la ni\u0219te ordine mai \u00eenalte, aici a\u0219 putea s\u0103 \u00eel adaug \u00een ecua\u021bie \u0219i pe domnul interimar Bolojan, pentru c\u0103 e clar c\u0103 ordinele vin de sus \u0219i este clar c\u0103 \u0219i el, la r\u00e2ndul lui, prime\u0219te ordinele din alt\u0103 parte.\u00a0<\/p>\n<p>A\u0219 vrea s\u0103 \u00eei spun un singur lucru, eu sper s\u0103 aib\u0103 \u0219i sim\u021bul umorului \u0219i s\u0103 \u00ee\u0219i vin\u0103 \u00een fire: Vine valul \u0219i \u00eei ia calul. El s-a \u00eenc\u0103lecat pe un scaun care nu \u00eei apar\u021bine, nu l-a \u00eensc\u0103unat poporul rom\u00e2n, e pur \u0219i simplu acolo pe un post r\u0103mas gol, \u0219i calul \u0103sa este taman Rom\u00e2nia.<\/p>\n<p>\u00a0Deci, el \u00eencalec\u0103 pe Rom\u00e2nia \u0219i face totul dup\u0103 bunul plac, \u0219i l-a luat a\u0219a pe persoan\u0103 fizic\u0103, dar valul, dac\u0103 casc\u0103 ochii pu\u021bin \u0219i se uit\u0103 s\u0103 vad\u0103 ce se \u00eent\u00e2mpl\u0103 \u00een lume, valul a pornit \u0219i o s\u0103 \u00eei cam ia calul \u0219i lui, \u0219i domnului Predoiu, \u0219i domnului Ciolacu dac\u0103 nu \u00ee\u0219i vine \u00een fire.<\/p>\n<p>\u00a0Ar trebui pu\u021bin s\u0103 ia un moment de respiro \u0219i s\u0103 se g\u00e2ndeasc\u0103. Ce facem? Mergem mai departe? Ascult\u0103m ordinele celor din Europa? Ordinele acelei Americi pe care a ridicat-o \u00een sl\u0103vi la un moment dat? Dar ce s\u0103 vezi, nu mai este domnul Biden, nu mai e Kamala, nu mai sunt soro\u0219i\u0219tii la putere nici \u00een America. De cine ascult\u0103? Ce vor ei? Pentru c\u0103 orice scenariu care \u00eemi vine \u00een minte \u0219i mi-a\u0219 putea imagina c\u0103 e \u00een capul lor este utopic. Nu se mai poate! Nu mai au sus\u021binere!\u201d, a mai spus Manuela Harabor.<\/p>","protected":false},"excerpt":{"rendered":"<p>Manuela H\u0103r\u0103bor a declarat c\u0103 jandarmii au ac\u021bionat la ordinul lui C\u0103t\u0103lin Predoiu pe care&hellip;<\/p>\n","protected":false},"author":0,"featured_media":33626,"comment_status":"open","ping_status":"open","sticky":false,"template":"","format":"standard","meta":{"footnotes":""},"categories":[2],"tags":[],"class_list":["post-33625","post","type-post","status-publish","format-standard","has-post-thumbnail","hentry","category-actual"],"_links":{"self":[{"href":"https:\/\/247stiri.ro\/index.php\/wp-json\/wp\/v2\/posts\/33625","targetHints":{"allow":["GET"]}}],"collection":[{"href":"https:\/\/247stiri.ro\/index.php\/wp-json\/wp\/v2\/posts"}],"about":[{"href":"https:\/\/247stiri.ro\/index.php\/wp-json\/wp\/v2\/types\/post"}],"replies":[{"embeddable":true,"href":"https:\/\/247stiri.ro\/index.php\/wp-json\/wp\/v2\/comments?post=33625"}],"version-history":[{"count":0,"href":"https:\/\/247stiri.ro\/index.php\/wp-json\/wp\/v2\/posts\/33625\/revisions"}],"wp:featuredmedia":[{"embeddable":true,"href":"https:\/\/247stiri.ro\/index.php\/wp-json\/wp\/v2\/media\/33626"}],"wp:attachment":[{"href":"https:\/\/247stiri.ro\/index.php\/wp-json\/wp\/v2\/media?parent=33625"}],"wp:term":[{"taxonomy":"category","embeddable":true,"href":"https:\/\/247stiri.ro\/index.php\/wp-json\/wp\/v2\/categories?post=33625"},{"taxonomy":"post_tag","embeddable":true,"href":"https:\/\/247stiri.ro\/index.php\/wp-json\/wp\/v2\/tags?post=33625"}],"curies":[{"name":"wp","href":"https:\/\/api.w.org\/{rel}","templated":true}]}}