{"id":33627,"date":"2025-02-21T14:50:23","date_gmt":"2025-02-21T14:50:23","guid":{"rendered":"https:\/\/247stiri.ro\/index.php\/2025\/02\/21\/crin-antonescu-romania-nu-poate-fi-nici-scoasa-din-nato\/"},"modified":"2025-02-21T14:50:23","modified_gmt":"2025-02-21T14:50:23","slug":"crin-antonescu-romania-nu-poate-fi-nici-scoasa-din-nato","status":"publish","type":"post","link":"https:\/\/247stiri.ro\/index.php\/2025\/02\/21\/crin-antonescu-romania-nu-poate-fi-nici-scoasa-din-nato\/","title":{"rendered":"Crin Antonescu: Rom\u00e2nia nu poate fi nici scoas\u0103 din NATO"},"content":{"rendered":"<p>Candidatul coali\u0163iei de guvernare, Crin Antonescu, a declarat vineri c\u0103 nu \u00eenceteaz\u0103 calitatea de membru al NATO al \u0163\u0103rii noastre \u015fi Rom\u00e2nia trebuie s\u0103 p\u0103streze \u015fi s\u0103 conjuge parteneriatul strategic cu SUA. El a mai ar\u0103tat c\u0103 cheltuielile militare ale Rom\u00e2niei, ca \u015fi a altor \u0163\u0103ri europene din NATO, vor trebui s\u0103 creasc\u0103.<\/p>\n<p>\u201dNoi avem o problem\u0103 \u00een acest moment \u015fi \u00een perioada imediat urm\u0103toare, \u00een sensul c\u0103 p\u00e2n\u0103 acum am stat lini\u015fti\u0163i ca membri ai NATO, ca membri ai NATO din Flancul estic, care odat\u0103 cu r\u0103zboiul \u00een Ucraina a c\u0103p\u0103tat o semnifica\u0163ie, o relevan\u0163\u0103 strategic\u0103 mai accentuat\u0103 pentru organiza\u0163ie, ca \u0163ar\u0103 care g\u0103zduie\u015fte scutul de la Deveselu \u015fi baza de la Kog\u0103lniceanu \u015fi proiectul de extindere la acelei baze, destul de lini\u015fti\u0163i din punctul de vedere al securit\u0103\u0163ii. Dac\u0103 se pune problema reducerii efectivelor sau chiar dezangaj\u0103rii par\u0163iale a efectivelor americane din NATO, asta este \u00eentr-adev\u0103r o tem\u0103 de preocupare pentru to\u0163i\u201d, a spus Crin Antonescu, la Ia\u015fi.\u00a0<\/p>\n<p>\u201dCalitatea de membru al NATO nu \u00eenceteaz\u0103. Rom\u00e2nia nu poate fi nici scoas\u0103 din NATO \u015fi Rom\u00e2nia, sub nicio form\u0103 &#8211; dac\u0103 sunt pre\u015fedinte, dac\u0103 sunt al\u0163ii, nu \u015ftiu, trebuie s\u0103-i \u00eentreba\u0163i &#8211; nu iese din NATO\u201d, a mai spus Antonescu, ad\u0103ug\u00e2nd c\u0103 el consider\u0103 c\u0103 apartenan\u0163a Rom\u00e2niei la NATO a fost una din marile reu\u015fite de politic\u0103 externa \u015fi este una din pu\u0163inele garan\u0163ii solide pe care Rom\u00e2nia le are, a\u015fa cum nu le-a avut niciodat\u0103 \u00een \u00eentreaga sa istorie.<\/p>\n<p>Crin Antonescu a mai spus c\u0103 nu e niciun dubiu \u015fi americanii, reprezentan\u0163ii administra\u0163iei Trump, au dreptate, chiar dac\u0103 o spun destul de brutal, \u015fi anume c\u0103 nu sunt obliga\u0163i s\u0103 pl\u0103teasc\u0103 \u00een continuare pentru securitatea altor \u0163\u0103ri.\u00a0<\/p>\n<p>\u201d\u00cen consecin\u0163\u0103, cheltuielile militare ale Rom\u00e2niei, ca \u015fi al altor \u0163\u0103ri europene din NATO, vor trebui s\u0103 creasc\u0103. (..) Cred c\u0103 Rom\u00e2nia, guvernul Rom\u00e2niei trebuie deja s\u0103 fie preg\u0103tit \u015fi pentru aceste cheltuieli, c\u0103 Rom\u00e2nia este oricum interesat\u0103 s\u0103 creasc\u0103 aceste cheltuieli de ap\u0103rare, ca \u015fi toate \u0163\u0103rile europene\u201d, a subliniat candidatul coali\u0163iei.<\/p>\n<p>Antonescu a mai ar\u0103tat c\u0103 Rom\u00e2nia trebuie s\u0103 p\u0103streze \u015fi s\u0103 conjuge parteneriatul strategic cu Statele Unite, cu calitatea sa de membru al NATO \u015fi, personal, crede c\u0103 Rom\u00e2nia trebuie s\u0103 examinize toate posibilit\u0103\u0163ile de a cointeresa \u00eentr-un proiect economic \u00een zon\u0103, \u00een Marea Neagr\u0103, Statele Unite ale Americii.<\/p>\n<p>\u201dCel mai bun mod de a cointeresa pe cineva s\u0103 apere o regiune, s\u0103 investeasc\u0103 \u00eentr-o regiune (..) este s\u0103 g\u0103se\u015fti un interes economic suficient de semnificativ pentru ei \u015fi s\u0103 \u00eencerci s\u0103 propui o parteneriat de business pe acea posibilitate, pe acea resurs\u0103 \u015fi atunci nu mai e grija noastr\u0103, vor investi \u015fi \u00een baze, \u015fi \u00een securitate, \u015fi \u00een \u00eent\u0103rirea for\u0163ei de protec\u0163ie a NATO \u00een zon\u0103 chiar ei, americani\u201d, a explicat Crin Antonescu.<\/p>\n<p>\u201dNoi dorim \u015fi sunt convins c\u0103 parteneriatul transatlantic va r\u0103m\u00e2ne, c\u0103 Statele Unite \u015fi Uniunea European\u0103, nu Statele Unite sau Uniunea European\u0103, \u00eenseamn\u0103 viitorul\u201d, a mai spus el.<\/p>","protected":false},"excerpt":{"rendered":"<p>Candidatul coali\u0163iei de guvernare, Crin Antonescu, a declarat vineri c\u0103 nu \u00eenceteaz\u0103 calitatea de membru&hellip;<\/p>\n","protected":false},"author":0,"featured_media":33620,"comment_status":"open","ping_status":"open","sticky":false,"template":"","format":"standard","meta":{"footnotes":""},"categories":[2],"tags":[],"class_list":["post-33627","post","type-post","status-publish","format-standard","has-post-thumbnail","hentry","category-actual"],"_links":{"self":[{"href":"https:\/\/247stiri.ro\/index.php\/wp-json\/wp\/v2\/posts\/33627","targetHints":{"allow":["GET"]}}],"collection":[{"href":"https:\/\/247stiri.ro\/index.php\/wp-json\/wp\/v2\/posts"}],"about":[{"href":"https:\/\/247stiri.ro\/index.php\/wp-json\/wp\/v2\/types\/post"}],"replies":[{"embeddable":true,"href":"https:\/\/247stiri.ro\/index.php\/wp-json\/wp\/v2\/comments?post=33627"}],"version-history":[{"count":0,"href":"https:\/\/247stiri.ro\/index.php\/wp-json\/wp\/v2\/posts\/33627\/revisions"}],"wp:featuredmedia":[{"embeddable":true,"href":"https:\/\/247stiri.ro\/index.php\/wp-json\/wp\/v2\/media\/33620"}],"wp:attachment":[{"href":"https:\/\/247stiri.ro\/index.php\/wp-json\/wp\/v2\/media?parent=33627"}],"wp:term":[{"taxonomy":"category","embeddable":true,"href":"https:\/\/247stiri.ro\/index.php\/wp-json\/wp\/v2\/categories?post=33627"},{"taxonomy":"post_tag","embeddable":true,"href":"https:\/\/247stiri.ro\/index.php\/wp-json\/wp\/v2\/tags?post=33627"}],"curies":[{"name":"wp","href":"https:\/\/api.w.org\/{rel}","templated":true}]}}