{"id":33632,"date":"2025-02-21T14:50:25","date_gmt":"2025-02-21T14:50:25","guid":{"rendered":"https:\/\/247stiri.ro\/index.php\/2025\/02\/21\/tensiunile-dintre-sua-si-europa-ascund-un-razboi-comercial-care-este-in-desfasurare-deja\/"},"modified":"2025-02-21T14:50:25","modified_gmt":"2025-02-21T14:50:25","slug":"tensiunile-dintre-sua-si-europa-ascund-un-razboi-comercial-care-este-in-desfasurare-deja","status":"publish","type":"post","link":"https:\/\/247stiri.ro\/index.php\/2025\/02\/21\/tensiunile-dintre-sua-si-europa-ascund-un-razboi-comercial-care-este-in-desfasurare-deja\/","title":{"rendered":"Tensiunile dintre SUA \u0219i Europa ascund un r\u0103zboi comercial care este \u00een desf\u0103\u0219urare deja"},"content":{"rendered":"<p>Acuzele aduse de administra\u021bia Trump blocului comunitar european cu privire la cenzur\u0103, lipsa dreptului la liber\u0103 exprimare \u0219i lipsa democra\u021biei \u00een \u021b\u0103rile Uniunii Europene ar avea de fapt o motiva\u021bie mult mai prozaic\u0103.<\/p>\n<p>Este vorba despre reducerea reglementarilor impuse de Comisia European\u0103 gigan\u021bilor tehnologici americani, care au pl\u0103tit deja amenzi de miliarde de dolari impuse de Bruxelles.<\/p>\n<p>Tensiunile dintre Statele Unite \u0219i Uniunea European\u0103 sunt mai mari ca niciodat\u0103, iar ne\u00een\u021belegerile legate de ce \u00eenseamn\u0103 dezinformarea \u0219i manipularea de pe re\u021belele sociale, care sunt privite de pe pozi\u021bii diametral opuse de pe cele dou\u0103 maluri ale Atlanticului, ar putea ascunde un r\u0103zboi comercial care se afl\u0103 deja \u00een desf\u0103\u0219urare.<\/p>\n<p>Trump: \u201eimpozitare mascat\u0103\u201d<\/p>\n<p>Oficialii europeni sus\u021bin c\u0103 problema se refer\u0103 la a se asigura c\u0103 gigan\u021bii social media iau m\u0103suri pentru a atenua dezinformarea \u0219i interferen\u021ba str\u0103in\u0103 care submineaz\u0103 integritatea electoral\u0103 \u0219i discursul civil.<\/p>\n<p>Thierry Breton, fostul comisar UE care a contribuit la elaborarea multor din aceste reglement\u0103ri, a declarat \u00eentr-un interviu c\u0103 libertatea de exprimare este \u201dabsolut primordial\u0103\u201d pentru blocul comunitar.<\/p>\n<p>De cealalt\u0103 parte, Trump \u0219i apropia\u021bii s\u0103i par dispu\u0219i s\u0103 fac\u0103 totul pentru a elibera companiile din Silicon Valley de cerin\u021bele \u00eempov\u0103r\u0103toare impuse de Comisia European\u0103 \u0219i s\u0103 le scuteasc\u0103 de amenzile ustur\u0103toare aplicate.<\/p>\n<p>Trump chiar a numit luna trecut\u0103 aceste reglement\u0103ri, \u00eempreun\u0103 cu amenzile cu care vin la pachet, ca fiind o \u201dform\u0103 de impozitare\u201d, scrie Bloomberg.<\/p>\n<p>\u00cen centrul conflictului se afl\u0103 reglement\u0103rile digitale europene, care au vizat frecvent companiile de tehnologie din SUA care domin\u0103 internetul.<\/p>\n<p>Amenzi de miliarde pentru gigan\u021bii IT americani<\/p>\n<p>Meta Platforms Inc., controlat\u0103 de Mark Zuckerberg, care de\u021bine platformele de social media Facebook \u0219i Instagram \u0219i serviciul de mesagerie WhatsApp, a fost lovit\u0103 cu mai mult de 2 miliarde de euro \u00een penalit\u0103\u021bi pentru \u00eenc\u0103lcarea regulilor antitrust \u0219i de protec\u021bie a datelor.<\/p>\n<p>Apple Inc. \u0219i Google de la Alphabet Inc. au primit, de asemenea, amenzi semnificative, \u00een timp ce at\u00e2t platforma X a lui Elon Musk, c\u00e2t \u0219i Meta se confrunt\u0103 cu anchete \u00een temeiul legii UE de moderare a con\u021binutului, care ar putea duce la penalit\u0103\u021bi de p\u00e2n\u0103 la 6% din v\u00e2nz\u0103rile lor globale anuale.<\/p>\n<p>Musk \u0219i Zuckerberg, cei mai boga\u021bi doi oameni de pe planet\u0103, \u0219i-au intensificat, la r\u00e2ndul lor, retorica \u00eempotriva reglement\u0103rilor UE, acuz\u00e2nd blocul de cenzur\u0103.<\/p>\n<p>Ciocnirea este cel mai recent exemplu al rupturii transatlantice \u00een cre\u0219tere care amenin\u021b\u0103 rela\u021biile comerciale \u0219i de securitate de lung\u0103 durat\u0103, care p\u00e2n\u0103 de cur\u00e2nd p\u0103reau imuabile.<\/p>\n<p>Vicepre\u0219edintele JD Vance, vorbind weekend-ul trecut la Conferin\u021ba anual\u0103 de securitate de la M\u00fcnchen, i-a acuzat pe comisarii UE c\u0103 suprim\u0103 libertatea de exprimare \u0219i a spus c\u0103 retragerea Europei de la valorile sale fundamentale este o amenin\u021bare mai mare pentru continent dec\u00e2t adversarii geopolitici Rusia sau China.<\/p>","protected":false},"excerpt":{"rendered":"<p>Acuzele aduse de administra\u021bia Trump blocului comunitar european cu privire la cenzur\u0103, lipsa dreptului la&hellip;<\/p>\n","protected":false},"author":0,"featured_media":33616,"comment_status":"open","ping_status":"open","sticky":false,"template":"","format":"standard","meta":{"footnotes":""},"categories":[2],"tags":[],"class_list":["post-33632","post","type-post","status-publish","format-standard","has-post-thumbnail","hentry","category-actual"],"_links":{"self":[{"href":"https:\/\/247stiri.ro\/index.php\/wp-json\/wp\/v2\/posts\/33632","targetHints":{"allow":["GET"]}}],"collection":[{"href":"https:\/\/247stiri.ro\/index.php\/wp-json\/wp\/v2\/posts"}],"about":[{"href":"https:\/\/247stiri.ro\/index.php\/wp-json\/wp\/v2\/types\/post"}],"replies":[{"embeddable":true,"href":"https:\/\/247stiri.ro\/index.php\/wp-json\/wp\/v2\/comments?post=33632"}],"version-history":[{"count":0,"href":"https:\/\/247stiri.ro\/index.php\/wp-json\/wp\/v2\/posts\/33632\/revisions"}],"wp:featuredmedia":[{"embeddable":true,"href":"https:\/\/247stiri.ro\/index.php\/wp-json\/wp\/v2\/media\/33616"}],"wp:attachment":[{"href":"https:\/\/247stiri.ro\/index.php\/wp-json\/wp\/v2\/media?parent=33632"}],"wp:term":[{"taxonomy":"category","embeddable":true,"href":"https:\/\/247stiri.ro\/index.php\/wp-json\/wp\/v2\/categories?post=33632"},{"taxonomy":"post_tag","embeddable":true,"href":"https:\/\/247stiri.ro\/index.php\/wp-json\/wp\/v2\/tags?post=33632"}],"curies":[{"name":"wp","href":"https:\/\/api.w.org\/{rel}","templated":true}]}}