{"id":33633,"date":"2025-02-21T14:50:25","date_gmt":"2025-02-21T14:50:25","guid":{"rendered":"https:\/\/247stiri.ro\/index.php\/2025\/02\/21\/crin-antonescu-despre-candidatura-lui-gigi-becali-la-presedintia-romaniei-e-binevenit-in-aceasta-competitie\/"},"modified":"2025-02-21T14:50:25","modified_gmt":"2025-02-21T14:50:25","slug":"crin-antonescu-despre-candidatura-lui-gigi-becali-la-presedintia-romaniei-e-binevenit-in-aceasta-competitie","status":"publish","type":"post","link":"https:\/\/247stiri.ro\/index.php\/2025\/02\/21\/crin-antonescu-despre-candidatura-lui-gigi-becali-la-presedintia-romaniei-e-binevenit-in-aceasta-competitie\/","title":{"rendered":"Crin Antonescu, despre candidatura lui Gigi Becali la pre\u0219edin\u021bia Rom\u00e2niei: \u201dE binevenit \u00een aceast\u0103 competi\u0163ie\u201d"},"content":{"rendered":"<p>La scurt timp dup\u0103 ce latifundiarul din Pipera a anun\u021bat c\u0103 va candida la alegerile preziden\u021biale dac\u0103 liderul AUR, George Simion, nu va intra \u00een aceast\u0103 curs\u0103, <a href=\"https:\/\/www.realitatea.net\/stiri\/actual\/crin-antonescu-e-nevoie-de-un-guvern-stabil-in-acest-moment-anuntul-premierului-ca-nu-demisioneaza-mi-se-pare-binevenit_67b887c530b377772a41b7b2\" target=\"_blank\">Crin Antonescu<\/a> a declarat c\u0103 acesta este binevenit.<\/p>\n<p>\u201dEu consider, \u00een principiu, orice contracandidat ca fiind unul puternic. Consider c\u0103 oameni rezonabili \u00ee\u015fi depun candidatura la pre\u015fedin\u0163ia unei \u0163\u0103ri cu oameni a\u015fa de chibzui\u0163i ca Rom\u00e2nia \u015fi, ca atare, c\u00e2nd \u00ee\u0163i anun\u0163i candidatura la pre\u015fedin\u0163ie, \u00eenseamn\u0103 c\u0103 te socote\u015fti suficient de puternic ca s\u0103 fii un competitor.<\/p>\n<p>Nu cred c\u0103 face cineva chestiunea asta de form\u0103, deci dac\u0103 \u015fi domnul Becali o va face, e binevenit \u00een aceast\u0103 competi\u0163ie.<\/p>\n<p>Eu nu prea \u00een\u0163eleg aceste candidaturi cu \u201edac\u0103 candidez \u015fi eu dac\u0103 nu candideaz\u0103 cutare\u201d, dar, \u00een sf\u00e2r\u015fit, asta nu m\u0103 prive\u015fte, cred deci c\u0103 \u015fi domnul Gigi Becali, ca \u015fi to\u0163i ceilal\u0163i domni \u015fi celelalte doamne, c\u0103 sper c\u0103 va fi cazul \u015fi de doamne, sunt contracandida\u0163i \u00eentru totul respectabili \u015fi \u00eentru totul competitivi\u201d, a declarat Gigi Becali.\u00a0<\/p>","protected":false},"excerpt":{"rendered":"<p>La scurt timp dup\u0103 ce latifundiarul din Pipera a anun\u021bat c\u0103 va candida la alegerile&hellip;<\/p>\n","protected":false},"author":0,"featured_media":33622,"comment_status":"open","ping_status":"open","sticky":false,"template":"","format":"standard","meta":{"footnotes":""},"categories":[2],"tags":[],"class_list":["post-33633","post","type-post","status-publish","format-standard","has-post-thumbnail","hentry","category-actual"],"_links":{"self":[{"href":"https:\/\/247stiri.ro\/index.php\/wp-json\/wp\/v2\/posts\/33633","targetHints":{"allow":["GET"]}}],"collection":[{"href":"https:\/\/247stiri.ro\/index.php\/wp-json\/wp\/v2\/posts"}],"about":[{"href":"https:\/\/247stiri.ro\/index.php\/wp-json\/wp\/v2\/types\/post"}],"replies":[{"embeddable":true,"href":"https:\/\/247stiri.ro\/index.php\/wp-json\/wp\/v2\/comments?post=33633"}],"version-history":[{"count":0,"href":"https:\/\/247stiri.ro\/index.php\/wp-json\/wp\/v2\/posts\/33633\/revisions"}],"wp:featuredmedia":[{"embeddable":true,"href":"https:\/\/247stiri.ro\/index.php\/wp-json\/wp\/v2\/media\/33622"}],"wp:attachment":[{"href":"https:\/\/247stiri.ro\/index.php\/wp-json\/wp\/v2\/media?parent=33633"}],"wp:term":[{"taxonomy":"category","embeddable":true,"href":"https:\/\/247stiri.ro\/index.php\/wp-json\/wp\/v2\/categories?post=33633"},{"taxonomy":"post_tag","embeddable":true,"href":"https:\/\/247stiri.ro\/index.php\/wp-json\/wp\/v2\/tags?post=33633"}],"curies":[{"name":"wp","href":"https:\/\/api.w.org\/{rel}","templated":true}]}}