{"id":33634,"date":"2025-02-21T14:50:25","date_gmt":"2025-02-21T14:50:25","guid":{"rendered":"https:\/\/247stiri.ro\/index.php\/2025\/02\/21\/cazul-atentatului-cu-bomba-de-la-arad-fiica-milionarului-ucis-ioan-crisan-eliberata-din-arest\/"},"modified":"2025-02-21T14:50:25","modified_gmt":"2025-02-21T14:50:25","slug":"cazul-atentatului-cu-bomba-de-la-arad-fiica-milionarului-ucis-ioan-crisan-eliberata-din-arest","status":"publish","type":"post","link":"https:\/\/247stiri.ro\/index.php\/2025\/02\/21\/cazul-atentatului-cu-bomba-de-la-arad-fiica-milionarului-ucis-ioan-crisan-eliberata-din-arest\/","title":{"rendered":"Cazul atentatului cu bomb\u0103 de la Arad. Fiica milionarului ucis, Ioan Cri\u0219an, eliberat\u0103 din arest"},"content":{"rendered":"<p>Laura B\u00eelcea, fiica milionarului ucis \u00een atentatul cu bomb\u0103 de la Arad, va fi eliberat\u0103 din arest, a decis vineri, 21 februarie, \u00cenalta Curte de Casa\u021bie \u0219i Justi\u021bie.<\/p>\n<p>Laura B\u00eelcea a fost arestat\u0103 preventiv pe 13 noiembrie 2024, \u00eempreun\u0103 cu doi presupu\u0219i complici, Bogdan Adrian Horodinc\u0103 \u0219i Sebastian Ilie Bulbuc, m\u0103sura fiind prelungit\u0103 de mai multe ori.<\/p>\n<p>Vineri, Instan\u021ba suprem\u0103 a dispus ca femeia s\u0103 fie eliberat\u0103 din arest \u0219i plasat\u0103 sub control judiciar, \u00een timp ce complicii ei r\u0103m\u00e2n dup\u0103 gratii.<\/p>\n<p>\u201dAdmite contesta\u021bia formulat\u0103 de inculpata B\u00eelcea Laura Oana \u00eempotriva \u00eencheierii din 3 februarie 2025, pronun\u021bat\u0103 de Curtea de Apel Bucure\u0219ti. Desfiin\u021beaz\u0103, \u00een parte, \u00eencheierea atacat\u0103 \u0219i rejudec\u00e2nd: \u00cenlocuie\u0219te m\u0103sura arestului preventiv privind pe inculpata B\u00eelcea Laura Oana cu m\u0103sura preventiv\u0103 a controlului judiciar, pe o perioad\u0103 de 60 de zile \u00eencep\u00e2nd cu data de 21.02.2025 \u0219i p\u00e2n\u0103 la data de 21.04.2025, inclusiv. Dispune punerea de \u00eendat\u0103 \u00een libertate a inculpatei B\u00eelcea Laura Oana. Oblig\u0103 pe inculpata B\u00eelcea Laura Oana s\u0103 respecte \u0219i urm\u0103toarele obliga\u021bii: s\u0103 nu dep\u0103\u0219easc\u0103 limita teritorial\u0103 a statului rom\u00e2n f\u0103r\u0103 \u00eencuviin\u021barea prealabil\u0103 a organului judiciar; s\u0103 poarte permanent un dispozitiv electronic de supraveghere; s\u0103 nu comunice cu ceilal\u021bi inculpa\u021bi \u0219i martori \u00een cauz\u0103, direct sau indirect, pe nicio cale\u201d, se arat\u0103 \u00een decizia instan\u021bei, care este definitiv\u0103.<\/p>\n<p>Pe 29 mai 2021, omul de afaceri Ioan Cri\u0219an a murit dup\u0103 ce ma\u0219ina \u00een care se afla a explodat \u00een parcarea unui supermarket din Arad. Principala pist\u0103 a anchetei se refer\u0103 la un asasinat la comand\u0103.<\/p>\n<p>Acuza\u021biile din dosar<\/p>\n<p>Parchetul General sus\u021binea c\u0103 atentatul a fost comandat de fiica milionarului \u0219i pus \u00een aplicare de cei doi complici ai femeii.<\/p>\n<p>Astfel, conform anchetatorilor, cei doi complici au procurat, \u00een mai 2021, un mecanism care putea fi folosit ca detonator \u00eentr-un dispozitiv exploziv improvizat, controlabil prin intermediul telefonului mobil, \u00een care au \u00eencorporat ulterior \u00eenc\u0103rc\u0103tura exploziv\u0103.<\/p>\n<p>Mecanismul a fost plasat \u00een autoturismul lui Ioan Cri\u0219an \u0219i detonat de la distan\u021b\u0103.<\/p>\n<p>\u201d\u00cen fapt, s-a re\u021binut \u00een sarcina celor doi inculpa\u021bi c\u0103, la data de 27 mai 2021, au procurat un mecanism care putea fi folosit ca detonator \u00eentr-un dispozitiv exploziv improvizat, controlabil prin intermediul telefonului mobil, \u00een care au \u00eencorporat ulterior \u00eenc\u0103rc\u0103tura exploziv\u0103 &#8211; procurat\u0103, de\u021binut\u0103, transportat\u0103 \u0219i folosit\u0103 f\u0103r\u0103 drept &#8211; \u0219i l-au plasat \u00een autoturismul victimei, iar la data de 29 mai 2021, ora 06:59, ac\u021bion\u00e2nd cu premeditare \u0219i din interes material, l-au detonat de la distan\u021b\u0103 \u00een timp ce victima se deplasa la volanul autoturismului \u00een parcarea magazinului Profi din cartierul Vlaicu din municipiul Arad\u201d, transmitea Parchetul General \u00eentr-un comunicat de pres\u0103.<\/p>\n<p>Procurorii ar\u0103tau c\u0103 Laura B\u00eelcea ar fi pus la cale uciderea milionarului, deoarece acesta inten\u021biona s\u0103-\u0219i lase averea nepo\u021bilor \u0219i fostului so\u021b al femeii.<\/p>\n<p>Concret, spun anchetatorii, Ioan Cri\u0219an era nemul\u021bumit de faptul c\u0103 Laura B\u00eelcea, mam\u0103 a doi copii, nu desf\u0103\u0219ura nicio activitate care s\u0103-i aduc\u0103 venituri constante, de\u0219i are calitatea de avocat. Preocupat de viitorul afacerilor sale, \u00een contextul \u00eenaint\u0103rii sale \u00een v\u00e2rst\u0103, el nu se putea baza pe fiica sa \u00een vederea prelu\u0103rii conducerii firmelor sale. \u00cen aceste condi\u021bii, el \u0219i-a exprimat ideea de a-l contacta pe fostul s\u0103u ginere, c\u0103ruia s\u0103-i propun\u0103 s\u0103 preia treptat conducerea afacerilor, pentru a asigura viitorul nepo\u021bilor s\u0103i, de care era foarte ata\u0219at.<\/p>\n<p>Procurorii consider\u0103 c\u0103 aceast\u0103 informa\u021bie era de natur\u0103 s\u0103-i produc\u0103 Laurei B\u00eelcea un puternic sentiment de frustrare, \u00een condi\u021biile \u00een care rela\u021bia cu fostul so\u021b se \u00eencheiase cu st\u0103ri conflictuale.<\/p>\n<p>Dup\u0103 decesul milionarului, Laura B\u00eelcea a retras din contul bancar apar\u021bin\u00e2nd defunctului aproximativ 100.000 de euro \u0219i a pus \u00een v\u00e2nzare trei imobile.<\/p>","protected":false},"excerpt":{"rendered":"<p>Laura B\u00eelcea, fiica milionarului ucis \u00een atentatul cu bomb\u0103 de la Arad, va fi eliberat\u0103&hellip;<\/p>\n","protected":false},"author":0,"featured_media":33635,"comment_status":"open","ping_status":"open","sticky":false,"template":"","format":"standard","meta":{"footnotes":""},"categories":[2],"tags":[],"class_list":["post-33634","post","type-post","status-publish","format-standard","has-post-thumbnail","hentry","category-actual"],"_links":{"self":[{"href":"https:\/\/247stiri.ro\/index.php\/wp-json\/wp\/v2\/posts\/33634","targetHints":{"allow":["GET"]}}],"collection":[{"href":"https:\/\/247stiri.ro\/index.php\/wp-json\/wp\/v2\/posts"}],"about":[{"href":"https:\/\/247stiri.ro\/index.php\/wp-json\/wp\/v2\/types\/post"}],"replies":[{"embeddable":true,"href":"https:\/\/247stiri.ro\/index.php\/wp-json\/wp\/v2\/comments?post=33634"}],"version-history":[{"count":0,"href":"https:\/\/247stiri.ro\/index.php\/wp-json\/wp\/v2\/posts\/33634\/revisions"}],"wp:featuredmedia":[{"embeddable":true,"href":"https:\/\/247stiri.ro\/index.php\/wp-json\/wp\/v2\/media\/33635"}],"wp:attachment":[{"href":"https:\/\/247stiri.ro\/index.php\/wp-json\/wp\/v2\/media?parent=33634"}],"wp:term":[{"taxonomy":"category","embeddable":true,"href":"https:\/\/247stiri.ro\/index.php\/wp-json\/wp\/v2\/categories?post=33634"},{"taxonomy":"post_tag","embeddable":true,"href":"https:\/\/247stiri.ro\/index.php\/wp-json\/wp\/v2\/tags?post=33634"}],"curies":[{"name":"wp","href":"https:\/\/api.w.org\/{rel}","templated":true}]}}