{"id":33636,"date":"2025-02-21T14:50:26","date_gmt":"2025-02-21T14:50:26","guid":{"rendered":"https:\/\/247stiri.ro\/index.php\/2025\/02\/21\/crin-antonescu-e-nevoie-de-un-guvern-stabil-in-acest-moment-anuntul-premierului-ca-nu-demisioneaza-mi-se-pare-binevenit\/"},"modified":"2025-02-21T14:50:26","modified_gmt":"2025-02-21T14:50:26","slug":"crin-antonescu-e-nevoie-de-un-guvern-stabil-in-acest-moment-anuntul-premierului-ca-nu-demisioneaza-mi-se-pare-binevenit","status":"publish","type":"post","link":"https:\/\/247stiri.ro\/index.php\/2025\/02\/21\/crin-antonescu-e-nevoie-de-un-guvern-stabil-in-acest-moment-anuntul-premierului-ca-nu-demisioneaza-mi-se-pare-binevenit\/","title":{"rendered":"Crin Antonescu: E nevoie de un guvern stabil \u00een acest moment. Anun\u0163ul premierului c\u0103 nu demisioneaz\u0103 mi se pare binevenit"},"content":{"rendered":"<p>Crin Antonescu a declarat \u00eentr-o conferin\u0163\u0103 de pres\u0103, la Ia\u015fi, c\u0103 sper\u0103 ca premierul s\u0103 nu demisioneze din func\u0163ie. \u201dPosibil este, probabil nu \u015fi sper s\u0103 nu o fac\u0103, pentru c\u0103 asta cu Nordis, cu c\u0103l\u0103toriile pasagerului Ciolacu, este o discu\u0163ie pe care o va purta domnia sa, cu prim-ministrul Ciolacu este o alt\u0103 chestiune. \u00cen acest moment cred c\u0103 avem nevoie de stabilitate\u201d, a spus Antonescu.<\/p>\n<p>El a precizat c\u0103, dac\u0103 se va depune mo\u0163iune de cezur\u0103, ceea ce este un drept al Opozi\u0163iei \u015fi o procedur\u0103 parlamentar\u0103 normal\u0103, vor dezbate parlamentarii \u015fi o vor vota, iar dac\u0103 nu, nu.<\/p>\n<p>\u201dCred c\u0103 e nevoie de un guvern stabil, \u00een acest moment. Acesta este guvernul care s-a format, acesta este prim-ministrul pe care l-a votat Parlamentul \u015fi din punctul meu de vedere anun\u0163ul de ieri al premierului Ciolacu, c\u0103 nu demisioneaz\u0103, c\u0103 r\u0103m\u00e2ne pe pozi\u0163ie, mi se pare binevenit.<\/p>","protected":false},"excerpt":{"rendered":"<p>Crin Antonescu a declarat \u00eentr-o conferin\u0163\u0103 de pres\u0103, la Ia\u015fi, c\u0103 sper\u0103 ca premierul s\u0103&hellip;<\/p>\n","protected":false},"author":0,"featured_media":33637,"comment_status":"open","ping_status":"open","sticky":false,"template":"","format":"standard","meta":{"footnotes":""},"categories":[2],"tags":[],"class_list":["post-33636","post","type-post","status-publish","format-standard","has-post-thumbnail","hentry","category-actual"],"_links":{"self":[{"href":"https:\/\/247stiri.ro\/index.php\/wp-json\/wp\/v2\/posts\/33636","targetHints":{"allow":["GET"]}}],"collection":[{"href":"https:\/\/247stiri.ro\/index.php\/wp-json\/wp\/v2\/posts"}],"about":[{"href":"https:\/\/247stiri.ro\/index.php\/wp-json\/wp\/v2\/types\/post"}],"replies":[{"embeddable":true,"href":"https:\/\/247stiri.ro\/index.php\/wp-json\/wp\/v2\/comments?post=33636"}],"version-history":[{"count":0,"href":"https:\/\/247stiri.ro\/index.php\/wp-json\/wp\/v2\/posts\/33636\/revisions"}],"wp:featuredmedia":[{"embeddable":true,"href":"https:\/\/247stiri.ro\/index.php\/wp-json\/wp\/v2\/media\/33637"}],"wp:attachment":[{"href":"https:\/\/247stiri.ro\/index.php\/wp-json\/wp\/v2\/media?parent=33636"}],"wp:term":[{"taxonomy":"category","embeddable":true,"href":"https:\/\/247stiri.ro\/index.php\/wp-json\/wp\/v2\/categories?post=33636"},{"taxonomy":"post_tag","embeddable":true,"href":"https:\/\/247stiri.ro\/index.php\/wp-json\/wp\/v2\/tags?post=33636"}],"curies":[{"name":"wp","href":"https:\/\/api.w.org\/{rel}","templated":true}]}}