{"id":33638,"date":"2025-02-21T14:50:27","date_gmt":"2025-02-21T14:50:27","guid":{"rendered":"https:\/\/247stiri.ro\/index.php\/2025\/02\/21\/pasi-rapizi-catre-alegerile-prezidentiale-a-fost-constituit-biroul-electoral-central-cine-face-parte-din-acesta\/"},"modified":"2025-02-21T14:50:27","modified_gmt":"2025-02-21T14:50:27","slug":"pasi-rapizi-catre-alegerile-prezidentiale-a-fost-constituit-biroul-electoral-central-cine-face-parte-din-acesta","status":"publish","type":"post","link":"https:\/\/247stiri.ro\/index.php\/2025\/02\/21\/pasi-rapizi-catre-alegerile-prezidentiale-a-fost-constituit-biroul-electoral-central-cine-face-parte-din-acesta\/","title":{"rendered":"Pa\u0219i rapizi c\u0103tre alegerile preziden\u021biale: A fost constituit Biroul Electoral Central. Cine face parte din acesta"},"content":{"rendered":"<p>Potrivit unui comunicat transmis Agerpres, din Biroul Electoral Central fac parte cinci judec\u0103tori ai \u00cenaltei Cur\u021bi de Casa\u021bie \u0219i Justi\u021bie: Cristinel Grosu, Mihnea Adrian T\u0103nase, M\u0103ricel Nechita, Mihaela M\u00eeneran, Ana Hermina Iancu, pre\u0219edintele \u0219i vicepre\u0219edin\u021bii Autorit\u0103\u021bii Electorale Permanente, Toni Grebl\u0103, respectiv Zsombor Vajda \u0219i Cosmin-Gabriel Popp.De asemenea, din BEC fac parte \u0219i reprezentan\u021bii partidelor politice parlamentare: Viorel Mocanu (Partidul Social Democrat), Ingrid-Luciana Mocanu (Alian\u021ba pentru Unirea Rom\u00e2nilor), Cristian Ene (Partidul Na\u021bional Liberal), Oana Anghel (Uniunea Salva\u021bi Rom\u00e2nia), Aura-Speran\u021ba Ungureanu (Partidul S.O.S. Rom\u00e2nia), Marian Radu (Partidul Oamenilor Tineri) \u0219i Maria Kolumban (Uniunea Democrat\u0103 Maghiar\u0103 din Rom\u00e2nia).Pre\u0219edinte al BEC este judec\u0103torul Cristinel Grosu, iar loc\u021biitorul pre\u0219edintelui BEC este judec\u0103torul Mihnea Adrian T\u0103nase.<\/p>\n<p>Sediul BEC se va afla \u00een strada Eugeniu Carada nr. 1, Sector 3, Bucure\u0219ti (intrarea B).<\/p>\n<p><a title=\"Guvernul a aprobat bugetul pentru alegerile prezidentiale. Banii, alocati din fondul de rezerva\" href=\"https:\/\/www.realitatea.net\/stiri\/actual\/guvernul-a-aprobat-bugetul-pentru-alegerile-prezidentiale-banii-alocati-din-fondul-de-rezerva_67b73e1b3b1bfc2f4530f9e4\">Guvernul a aprobat bugetul pentru alegerile preziden\u021biale. Banii, aloca\u021bi din fondul de rezerv\u0103<\/a><\/p>","protected":false},"excerpt":{"rendered":"<p>Potrivit unui comunicat transmis Agerpres, din Biroul Electoral Central fac parte cinci judec\u0103tori ai \u00cenaltei&hellip;<\/p>\n","protected":false},"author":0,"featured_media":33624,"comment_status":"open","ping_status":"open","sticky":false,"template":"","format":"standard","meta":{"footnotes":""},"categories":[2],"tags":[],"class_list":["post-33638","post","type-post","status-publish","format-standard","has-post-thumbnail","hentry","category-actual"],"_links":{"self":[{"href":"https:\/\/247stiri.ro\/index.php\/wp-json\/wp\/v2\/posts\/33638","targetHints":{"allow":["GET"]}}],"collection":[{"href":"https:\/\/247stiri.ro\/index.php\/wp-json\/wp\/v2\/posts"}],"about":[{"href":"https:\/\/247stiri.ro\/index.php\/wp-json\/wp\/v2\/types\/post"}],"replies":[{"embeddable":true,"href":"https:\/\/247stiri.ro\/index.php\/wp-json\/wp\/v2\/comments?post=33638"}],"version-history":[{"count":0,"href":"https:\/\/247stiri.ro\/index.php\/wp-json\/wp\/v2\/posts\/33638\/revisions"}],"wp:featuredmedia":[{"embeddable":true,"href":"https:\/\/247stiri.ro\/index.php\/wp-json\/wp\/v2\/media\/33624"}],"wp:attachment":[{"href":"https:\/\/247stiri.ro\/index.php\/wp-json\/wp\/v2\/media?parent=33638"}],"wp:term":[{"taxonomy":"category","embeddable":true,"href":"https:\/\/247stiri.ro\/index.php\/wp-json\/wp\/v2\/categories?post=33638"},{"taxonomy":"post_tag","embeddable":true,"href":"https:\/\/247stiri.ro\/index.php\/wp-json\/wp\/v2\/tags?post=33638"}],"curies":[{"name":"wp","href":"https:\/\/api.w.org\/{rel}","templated":true}]}}