{"id":33651,"date":"2025-02-21T15:45:52","date_gmt":"2025-02-21T15:45:52","guid":{"rendered":"https:\/\/247stiri.ro\/index.php\/2025\/02\/21\/intalnire-de-urgenta-a-liderilor-ue-in-ucraina-macron-nu-exclude-izbucnirea-celui-de-al-treilea-razboi-mondial\/"},"modified":"2025-02-21T15:45:52","modified_gmt":"2025-02-21T15:45:52","slug":"intalnire-de-urgenta-a-liderilor-ue-in-ucraina-macron-nu-exclude-izbucnirea-celui-de-al-treilea-razboi-mondial","status":"publish","type":"post","link":"https:\/\/247stiri.ro\/index.php\/2025\/02\/21\/intalnire-de-urgenta-a-liderilor-ue-in-ucraina-macron-nu-exclude-izbucnirea-celui-de-al-treilea-razboi-mondial\/","title":{"rendered":"\u00cent\u00e2lnire de urgen\u021b\u0103 a liderilor UE, \u00een Ucraina. Macron nu exclude izbucnirea celui de-al Treilea R\u0103zboi Mondial"},"content":{"rendered":"<p>Sunt tensiuni f\u0103r\u0103 precedent pe scena european\u0103 dup\u0103 ce informa\u021bii scurse din \u00eent\u00e2lnirea de la Riad dintre Statele Unite \u0219i Federa\u021bia Rus\u0103, poreclit\u0103 \u201eIalta 2\u201d, au dezv\u0103luit c\u0103 Rusia ar fi cerut \u00eemp\u0103r\u021birea sferelor de influen\u021b\u0103 \u0219i retragerea trupelor americane din estul Europei, inclusiv din Rom\u00e2nia. Dimitri Peskov, purt\u0103torul de cuv\u00e2nt al Kremlinului, neag\u0103 scenariul, \u00eens\u0103 liderii europeni vorbesc deja despre declan\u0219area celui de-al Treilea R\u0103zboi Mondial.<\/p>\n<p>\u201eM\u0103 feresc \u00eentotdeauna de cuvinte mari. Cu adev\u0103rat, avem un conflict \u00een Ucraina, unde ru\u0219ii au decis s\u0103 globalizeze lucrurile. 19.01 \u00cen momentul \u00een care ru\u0219ii lupt\u0103 cu materie prim\u0103 iranian\u0103, c\u00e2nd aduc solda\u021bi nord-coreeni \u00een Ucraina, atunci ru\u0219ii au mondializat r\u0103zboiul din Ucraina. 19.23 Se va limita asta la teatrul ucrainean? Trebuie s\u0103 sper\u0103m c\u0103 da. Rusia este deja agresiv\u0103 cu \u00eentreaga Europ\u0103. Noi suntem preg\u0103ti\u021bi s\u0103 ripost\u0103m.\u201d, a declarat Emmanuel Macron.<\/p>\n<p>\u0218i Friedrich Merz, cel care ar putea fi urm\u0103torul cancelar al Germaniei, a avertizat c\u0103 Europa trebuie s\u0103 fie preg\u0103tit\u0103 s\u0103 se apere f\u0103r\u0103 ajutorul Statelor Unite. Este \u0219i contextul \u00een care liderii europeni se reunesc luni la Kiev, \u00een format hibrid. Potrivit Administra\u021biei Preziden\u021biale, pre\u0219edintele Ilie Bolojan va participa online la discu\u021bii. Potrivit unor surse, dup\u0103 discu\u021biile cu liderii europeni se preg\u0103te\u0219te \u0219i convocarea \u0219edin\u021bei CSAT.<\/p>\n<p>Vine aceast\u0103 decizie dup\u0103 mai multe presiuni at\u00e2t din partea premierului Marcel Ciolacu, c\u00e2t \u0219i din partea candidatului comun Crin Antonescu care spunea c\u0103 ar fi bine c\u0103 o astfel de \u0219edin\u021ba s\u0103 fie convocat\u0103 c\u00e2t mai cur\u00e2nd.<\/p>\n<p>Tot \u00een cursul s\u0103pt\u0103m\u00e2nii viitoare, pre\u0219edintele Emmanuel Macron va merge la Washington, unde va sta de vorb\u0103 cu pre\u0219edintele Donald Trump \u0219i \u00eei va cere s\u0103 nu cedeze presiunilor Rusiei.<\/p>\n<p>\u00a0<\/p>","protected":false},"excerpt":{"rendered":"<p>Sunt tensiuni f\u0103r\u0103 precedent pe scena european\u0103 dup\u0103 ce informa\u021bii scurse din \u00eent\u00e2lnirea de la&hellip;<\/p>\n","protected":false},"author":0,"featured_media":33652,"comment_status":"open","ping_status":"open","sticky":false,"template":"","format":"standard","meta":{"footnotes":""},"categories":[2],"tags":[],"class_list":["post-33651","post","type-post","status-publish","format-standard","has-post-thumbnail","hentry","category-actual"],"_links":{"self":[{"href":"https:\/\/247stiri.ro\/index.php\/wp-json\/wp\/v2\/posts\/33651","targetHints":{"allow":["GET"]}}],"collection":[{"href":"https:\/\/247stiri.ro\/index.php\/wp-json\/wp\/v2\/posts"}],"about":[{"href":"https:\/\/247stiri.ro\/index.php\/wp-json\/wp\/v2\/types\/post"}],"replies":[{"embeddable":true,"href":"https:\/\/247stiri.ro\/index.php\/wp-json\/wp\/v2\/comments?post=33651"}],"version-history":[{"count":0,"href":"https:\/\/247stiri.ro\/index.php\/wp-json\/wp\/v2\/posts\/33651\/revisions"}],"wp:featuredmedia":[{"embeddable":true,"href":"https:\/\/247stiri.ro\/index.php\/wp-json\/wp\/v2\/media\/33652"}],"wp:attachment":[{"href":"https:\/\/247stiri.ro\/index.php\/wp-json\/wp\/v2\/media?parent=33651"}],"wp:term":[{"taxonomy":"category","embeddable":true,"href":"https:\/\/247stiri.ro\/index.php\/wp-json\/wp\/v2\/categories?post=33651"},{"taxonomy":"post_tag","embeddable":true,"href":"https:\/\/247stiri.ro\/index.php\/wp-json\/wp\/v2\/tags?post=33651"}],"curies":[{"name":"wp","href":"https:\/\/api.w.org\/{rel}","templated":true}]}}