{"id":33654,"date":"2025-02-21T15:45:53","date_gmt":"2025-02-21T15:45:53","guid":{"rendered":"https:\/\/247stiri.ro\/index.php\/2025\/02\/21\/crin-antonescu-presedintele-care-va-fi-ales-in-18-mai-va-gasi-un-guvern-in-functiune-nu-e-in-preocuparile-mele-sa-schimb-acest-guvern\/"},"modified":"2025-02-21T15:45:53","modified_gmt":"2025-02-21T15:45:53","slug":"crin-antonescu-presedintele-care-va-fi-ales-in-18-mai-va-gasi-un-guvern-in-functiune-nu-e-in-preocuparile-mele-sa-schimb-acest-guvern","status":"publish","type":"post","link":"https:\/\/247stiri.ro\/index.php\/2025\/02\/21\/crin-antonescu-presedintele-care-va-fi-ales-in-18-mai-va-gasi-un-guvern-in-functiune-nu-e-in-preocuparile-mele-sa-schimb-acest-guvern\/","title":{"rendered":"Crin Antonescu: Pre\u015fedintele care va fi ales \u00een 18 mai va g\u0103si un guvern \u00een func\u0163iune. Nu e \u00een preocup\u0103rile mele s\u0103 schimb acest guvern"},"content":{"rendered":"<p>Antonescu a declarat c\u0103 nu se va apuca s\u0103 intrig\u0103reasc\u0103, s\u0103 \u015furub\u0103reasc\u0103 prin Parlament, s\u0103 schimbe majorit\u0103\u0163i, pentru c\u0103 este problema Parlamentului \u015fi deocamdat\u0103 USR-ul nu e \u00een aceast\u0103 formul\u0103 de guvernare pentru c\u0103 nu a vrut.<\/p>\n<p>\u201dEu v\u0103 spun foarte clar, pre\u015fedintele care va fi ales \u00een 18 mai va g\u0103si un guvern \u00een func\u0163iune. Acesta, Guvernul Ciolacu, sau altul, dac\u0103 \u00eentre timp cade. Nu \u015ftiu. Eu cred c\u0103 pe acesta. Eu nu m\u0103 voi apuca s\u0103 intrig\u0103resc, s\u0103 \u015furub\u0103resc prin Parlament, s\u0103 schimb majorit\u0103\u0163i, s\u0103 facem o mo\u0163iune de cenzur\u0103 s\u0103 treac\u0103. Este problema Parlamentului \u015fi deocamdat\u0103 USR-ul nu e \u00een aceast\u0103 formul\u0103 de guvernare pentru c\u0103 n-a vrut\u201d, a spus Crin Antonescu, la Ia\u015fi.<\/p>\n<p>Candidatul coali\u0163iei a precizat c\u0103, \u201ddac\u0103 se fac ni\u015fte discu\u0163ii politice, dac\u0103 la un moment dat se ajunge la concluzia c\u0103 vor un alt guvern, c\u0103 nu mai pot guverna f\u0103r\u0103 USR \u015fi demisioneaz\u0103 guvernul, formeaz\u0103 alt\u0103 majoritate, da. Dac\u0103 nu, nu\u201d.<\/p>\n<p>\u201dNu e \u00een preocup\u0103rile mele s\u0103 schimb acest guvern, s\u0103 \u00eencerc s\u0103-l schimb ca s\u0103 intre USR-ul\u201d, a completat Antonescu.<\/p>","protected":false},"excerpt":{"rendered":"<p>Antonescu a declarat c\u0103 nu se va apuca s\u0103 intrig\u0103reasc\u0103, s\u0103 \u015furub\u0103reasc\u0103 prin Parlament, s\u0103&hellip;<\/p>\n","protected":false},"author":0,"featured_media":33655,"comment_status":"open","ping_status":"open","sticky":false,"template":"","format":"standard","meta":{"footnotes":""},"categories":[2],"tags":[],"class_list":["post-33654","post","type-post","status-publish","format-standard","has-post-thumbnail","hentry","category-actual"],"_links":{"self":[{"href":"https:\/\/247stiri.ro\/index.php\/wp-json\/wp\/v2\/posts\/33654","targetHints":{"allow":["GET"]}}],"collection":[{"href":"https:\/\/247stiri.ro\/index.php\/wp-json\/wp\/v2\/posts"}],"about":[{"href":"https:\/\/247stiri.ro\/index.php\/wp-json\/wp\/v2\/types\/post"}],"replies":[{"embeddable":true,"href":"https:\/\/247stiri.ro\/index.php\/wp-json\/wp\/v2\/comments?post=33654"}],"version-history":[{"count":0,"href":"https:\/\/247stiri.ro\/index.php\/wp-json\/wp\/v2\/posts\/33654\/revisions"}],"wp:featuredmedia":[{"embeddable":true,"href":"https:\/\/247stiri.ro\/index.php\/wp-json\/wp\/v2\/media\/33655"}],"wp:attachment":[{"href":"https:\/\/247stiri.ro\/index.php\/wp-json\/wp\/v2\/media?parent=33654"}],"wp:term":[{"taxonomy":"category","embeddable":true,"href":"https:\/\/247stiri.ro\/index.php\/wp-json\/wp\/v2\/categories?post=33654"},{"taxonomy":"post_tag","embeddable":true,"href":"https:\/\/247stiri.ro\/index.php\/wp-json\/wp\/v2\/tags?post=33654"}],"curies":[{"name":"wp","href":"https:\/\/api.w.org\/{rel}","templated":true}]}}