{"id":33656,"date":"2025-02-21T15:45:54","date_gmt":"2025-02-21T15:45:54","guid":{"rendered":"https:\/\/247stiri.ro\/index.php\/2025\/02\/21\/marius-tuca-gigi-becali-e-goarna-sistemului-e-chemat-sa-l-atace-pe-calin-georgescu-video\/"},"modified":"2025-02-21T15:45:54","modified_gmt":"2025-02-21T15:45:54","slug":"marius-tuca-gigi-becali-e-goarna-sistemului-e-chemat-sa-l-atace-pe-calin-georgescu-video","status":"publish","type":"post","link":"https:\/\/247stiri.ro\/index.php\/2025\/02\/21\/marius-tuca-gigi-becali-e-goarna-sistemului-e-chemat-sa-l-atace-pe-calin-georgescu-video\/","title":{"rendered":"Marius Tuc\u0103: \u201eGigi Becali e goarna sistemului. E chemat s\u0103-l atace pe C\u0103lin Georgescu\u201d VIDEO"},"content":{"rendered":"<p>Marius Tuc\u0103 l-a criticat dur pe Gigi Becali \u00een exclusivitate la Realitatea PLUS. Jurnalistul a spus despre politician c\u0103 este goarna sistemului \u0219i c\u0103 este chemat la diverse televiziuni doar pentru a-l ataca pe C\u0103lin Georgescu.\u00a0<\/p>\n<p>\u201eBecali, care de fiecare dat\u0103 e goarna sistemului, ne\u0219tiind c\u0103 se schimba lumea \u0219i ca vor fi al\u021bi str\u0103ini, este chemat la Antena 3 s\u0103 \u00eel \u00eenjure pe C\u0103lin Georgescu. Becali spune de cineva c\u0103 spune bazaconii, Dumnezeule, am tr\u0103it s\u0103 o vedem \u0219i pe asta. Vestea buna pentru Becali e c\u0103 p\u00e2n\u0103 la Pa\u0219te o s\u0103 fie dat afar\u0103 din AUR. O s\u0103 r\u0103m\u00e2n\u0103 \u0219i f\u0103r\u0103 func\u021bia de parlamentar. O sa fie o amintire. Pentru c\u0103 partidul lui \u00eel sus\u021bine pe C\u0103lin Georgescu, asta spune \u0219i George Simion \u00een fiecare zi. De fiecare dat\u0103 c\u00e2nd a zis Simion c\u0103 \u00eel sus\u021bine pe C\u0103lin Georgescu, a doua zi (sistemul) \u00eel suna pe Becali s\u0103 \u00eei spun\u0103 sa candideze Simion la preziden\u021biale sau sa candideze el\u201d, a declarat Marius Tuc\u0103.<\/p>","protected":false},"excerpt":{"rendered":"<p>Marius Tuc\u0103 l-a criticat dur pe Gigi Becali \u00een exclusivitate la Realitatea PLUS. Jurnalistul a&hellip;<\/p>\n","protected":false},"author":0,"featured_media":33648,"comment_status":"open","ping_status":"open","sticky":false,"template":"","format":"standard","meta":{"footnotes":""},"categories":[2],"tags":[],"class_list":["post-33656","post","type-post","status-publish","format-standard","has-post-thumbnail","hentry","category-actual"],"_links":{"self":[{"href":"https:\/\/247stiri.ro\/index.php\/wp-json\/wp\/v2\/posts\/33656","targetHints":{"allow":["GET"]}}],"collection":[{"href":"https:\/\/247stiri.ro\/index.php\/wp-json\/wp\/v2\/posts"}],"about":[{"href":"https:\/\/247stiri.ro\/index.php\/wp-json\/wp\/v2\/types\/post"}],"replies":[{"embeddable":true,"href":"https:\/\/247stiri.ro\/index.php\/wp-json\/wp\/v2\/comments?post=33656"}],"version-history":[{"count":0,"href":"https:\/\/247stiri.ro\/index.php\/wp-json\/wp\/v2\/posts\/33656\/revisions"}],"wp:featuredmedia":[{"embeddable":true,"href":"https:\/\/247stiri.ro\/index.php\/wp-json\/wp\/v2\/media\/33648"}],"wp:attachment":[{"href":"https:\/\/247stiri.ro\/index.php\/wp-json\/wp\/v2\/media?parent=33656"}],"wp:term":[{"taxonomy":"category","embeddable":true,"href":"https:\/\/247stiri.ro\/index.php\/wp-json\/wp\/v2\/categories?post=33656"},{"taxonomy":"post_tag","embeddable":true,"href":"https:\/\/247stiri.ro\/index.php\/wp-json\/wp\/v2\/tags?post=33656"}],"curies":[{"name":"wp","href":"https:\/\/api.w.org\/{rel}","templated":true}]}}