{"id":33660,"date":"2025-02-21T15:45:55","date_gmt":"2025-02-21T15:45:55","guid":{"rendered":"https:\/\/247stiri.ro\/index.php\/2025\/02\/21\/papa-francisc-ar-putea-abdica-anunt-de-ultima-ora-de-la-vatican\/"},"modified":"2025-02-21T15:45:55","modified_gmt":"2025-02-21T15:45:55","slug":"papa-francisc-ar-putea-abdica-anunt-de-ultima-ora-de-la-vatican","status":"publish","type":"post","link":"https:\/\/247stiri.ro\/index.php\/2025\/02\/21\/papa-francisc-ar-putea-abdica-anunt-de-ultima-ora-de-la-vatican\/","title":{"rendered":"Papa Francisc ar putea abdica. Anun\u021b de ultim\u0103 or\u0103 de la Vatican"},"content":{"rendered":"<p>Cardinalul Gianfranco Ravasi a declarat c\u0103 Suveranul Pontif ar putea s\u0103 renun\u021be la conducerea Bisericii Catolice dac\u0103 va ajunge s\u0103 aib\u0103 \u201edificult\u0103\u0163i serioase \u00een \u00eendeplinirea serviciului s\u0103u\u201d din cauza problemelor sale de s\u0103n\u0103tate, noteaz\u0103 Sky News.<\/p>\n<p>De asemenea, el a ad\u0103ugat, \u00eens\u0103, c\u0103 papa are tendin\u0163a \u201ede a lupta\u201d \u015fi c\u0103 ar dori, probabil, s\u0103 r\u0103m\u00e2n\u0103 \u00een func\u0163ie pentru Jubileul din acest an.<\/p>\n<p>\u00cen v\u00e2rst\u0103 de 88 de ani, <a href=\"https:\/\/www.realitatea.net\/stiri\/actual\/ce-spune-vaticanul-despre-starea-de-sanatate-a-lui-papa-francisc-au-fost-dezmintite-zvonurile-referitoare-la-pregatirile-funerare-ale-suveranului_67b6e2b91effff4c0509f5a2\" target=\"_blank\">Papa Francisc,<\/a> a fost internat la spitalul Gemelli din Roma pe data de 14 februarie, unde este tratat pentru pneumonie dubl\u0103.\u00a0<\/p>\n<p>Vineri, Vaticanul a anun\u0163at c\u0103 liderul Bisericii Catolice a avut \u201eo noapte bun\u0103, s-a trezit \u015fi a luat micul dejun\u201d. Anterior, Vaticanul a declarat c\u0103 starea general\u0103 a Papei \u201ese \u00eembun\u0103t\u0103\u0163e\u015fte u\u015for\u201d \u015fi c\u0103 inima sa func\u0163ioneaz\u0103 bine.<\/p>\n<p>\u00centrebat dac\u0103 crede c\u0103 Papa ar putea alege s\u0103 abdice, cardinalul Ravasi a declarat pentru ziarul italian Corriere della Sera: \u201eEu cred c\u0103 da. Dac\u0103 va avea dificult\u0103\u0163i serioase \u00een \u00eendeplinirea serviciului s\u0103u, aceasta va fi alegerea sa\u201d.<\/p>","protected":false},"excerpt":{"rendered":"<p>Cardinalul Gianfranco Ravasi a declarat c\u0103 Suveranul Pontif ar putea s\u0103 renun\u021be la conducerea Bisericii&hellip;<\/p>\n","protected":false},"author":0,"featured_media":33646,"comment_status":"open","ping_status":"open","sticky":false,"template":"","format":"standard","meta":{"footnotes":""},"categories":[2],"tags":[],"class_list":["post-33660","post","type-post","status-publish","format-standard","has-post-thumbnail","hentry","category-actual"],"_links":{"self":[{"href":"https:\/\/247stiri.ro\/index.php\/wp-json\/wp\/v2\/posts\/33660","targetHints":{"allow":["GET"]}}],"collection":[{"href":"https:\/\/247stiri.ro\/index.php\/wp-json\/wp\/v2\/posts"}],"about":[{"href":"https:\/\/247stiri.ro\/index.php\/wp-json\/wp\/v2\/types\/post"}],"replies":[{"embeddable":true,"href":"https:\/\/247stiri.ro\/index.php\/wp-json\/wp\/v2\/comments?post=33660"}],"version-history":[{"count":0,"href":"https:\/\/247stiri.ro\/index.php\/wp-json\/wp\/v2\/posts\/33660\/revisions"}],"wp:featuredmedia":[{"embeddable":true,"href":"https:\/\/247stiri.ro\/index.php\/wp-json\/wp\/v2\/media\/33646"}],"wp:attachment":[{"href":"https:\/\/247stiri.ro\/index.php\/wp-json\/wp\/v2\/media?parent=33660"}],"wp:term":[{"taxonomy":"category","embeddable":true,"href":"https:\/\/247stiri.ro\/index.php\/wp-json\/wp\/v2\/categories?post=33660"},{"taxonomy":"post_tag","embeddable":true,"href":"https:\/\/247stiri.ro\/index.php\/wp-json\/wp\/v2\/tags?post=33660"}],"curies":[{"name":"wp","href":"https:\/\/api.w.org\/{rel}","templated":true}]}}