{"id":33663,"date":"2025-02-21T15:45:56","date_gmt":"2025-02-21T15:45:56","guid":{"rendered":"https:\/\/247stiri.ro\/index.php\/2025\/02\/21\/aleksandr-lukasenko-acuza-sua-ca-vrea-sa-intoarca-rusia-impotriva-chinei\/"},"modified":"2025-02-21T15:45:56","modified_gmt":"2025-02-21T15:45:56","slug":"aleksandr-lukasenko-acuza-sua-ca-vrea-sa-intoarca-rusia-impotriva-chinei","status":"publish","type":"post","link":"https:\/\/247stiri.ro\/index.php\/2025\/02\/21\/aleksandr-lukasenko-acuza-sua-ca-vrea-sa-intoarca-rusia-impotriva-chinei\/","title":{"rendered":"Aleksandr Luka\u0219enko acuz\u0103 SUA c\u0103 vrea s\u0103 \u00eentoarc\u0103 Rusia \u00eempotriva Chinei"},"content":{"rendered":"<p>\u201eMi se pare c\u0103 acum vor \u00eencerca s\u0103 \u00eei monteze pe ru\u0219i \u00eempotriva chinezilor. Ru\u0219ii trebuie s\u0103 \u00eempiedice acest lucru\u201d, a declarat Luka\u0219enko, potrivit unui comunicat de pres\u0103 publicat de pre\u0219edin\u021bie, \u00een care liderul de la Minsk mai estimeaz\u0103 c\u0103 \u00eencetarea conflictului din Ucraina ar putea avea repercusiuni at\u00e2t pozitive, c\u00e2t \u0219i negative pentru Belarus, \u00een special de natur\u0103 economic\u0103.\u201eNu \u0219tim ce vor Statele Unite (&#8230;) Nu \u0219tim ce le vor cere ru\u0219ilor pentru a pune cap\u0103t r\u0103zboiului din Ucraina\u201d, a continuat el.De la conversa\u021bia telefonic\u0103 dintre Donald Trump \u0219i Vladimir Putin din 12 februarie, Moscova \u0219i Washingtonul au spus c\u0103 vor s\u0103 reporneasc\u0103 rela\u021bia bilateral\u0103 pe baze noi, iar pre\u0219edintele Trump a schimbat complet pozi\u021bia american\u0103 cu privire la r\u0103zboiul din Ucraina \u0219i a preluat retorica Kremlinului referitorare la responsabilitatea Kievului \u00een declan\u0219area conflictului.Reuters aminte\u0219te c\u0103 Ucraina a fost invadat\u0103 de Rusia pe 24 februarie 2022, Kremlinul pretinz\u00e2nd c\u0103 se protejeaz\u0103 \u00eempotriva amenin\u021b\u0103rii NATO \u0219i \u00eempiedic\u0103 astfel extinderea Alian\u021bei Nord-Atlantice.\u00cen viziunea pre\u0219edintelui Luka\u0219enko, un posibil acord Trump-Putin pe o gam\u0103 larg\u0103 de subiecte, inclusiv ridicarea sanc\u021biunilor americane \u0219i reluarea cooper\u0103rii economice dintre SUA \u0219i Rusia, ar putea afecta companiile din Belarus. \u201eDac\u0103 toate aceste companii str\u0103ine, mai \u00eent\u00e2i americane, apoi europene, se \u00eentorc (\u00een Rusia), nu va fi u\u0219or s\u0103 concur\u0103m\u201d, a avertizat el. De aceea, \u00een opinia liderului belarus, un acord ruso-american ar fi \u201ebenefic pentru noi pe alocuri, dar \u00een altele, nu\u201d.<\/p>","protected":false},"excerpt":{"rendered":"<p>\u201eMi se pare c\u0103 acum vor \u00eencerca s\u0103 \u00eei monteze pe ru\u0219i \u00eempotriva chinezilor. Ru\u0219ii&hellip;<\/p>\n","protected":false},"author":0,"featured_media":33664,"comment_status":"open","ping_status":"open","sticky":false,"template":"","format":"standard","meta":{"footnotes":""},"categories":[2],"tags":[],"class_list":["post-33663","post","type-post","status-publish","format-standard","has-post-thumbnail","hentry","category-actual"],"_links":{"self":[{"href":"https:\/\/247stiri.ro\/index.php\/wp-json\/wp\/v2\/posts\/33663","targetHints":{"allow":["GET"]}}],"collection":[{"href":"https:\/\/247stiri.ro\/index.php\/wp-json\/wp\/v2\/posts"}],"about":[{"href":"https:\/\/247stiri.ro\/index.php\/wp-json\/wp\/v2\/types\/post"}],"replies":[{"embeddable":true,"href":"https:\/\/247stiri.ro\/index.php\/wp-json\/wp\/v2\/comments?post=33663"}],"version-history":[{"count":0,"href":"https:\/\/247stiri.ro\/index.php\/wp-json\/wp\/v2\/posts\/33663\/revisions"}],"wp:featuredmedia":[{"embeddable":true,"href":"https:\/\/247stiri.ro\/index.php\/wp-json\/wp\/v2\/media\/33664"}],"wp:attachment":[{"href":"https:\/\/247stiri.ro\/index.php\/wp-json\/wp\/v2\/media?parent=33663"}],"wp:term":[{"taxonomy":"category","embeddable":true,"href":"https:\/\/247stiri.ro\/index.php\/wp-json\/wp\/v2\/categories?post=33663"},{"taxonomy":"post_tag","embeddable":true,"href":"https:\/\/247stiri.ro\/index.php\/wp-json\/wp\/v2\/tags?post=33663"}],"curies":[{"name":"wp","href":"https:\/\/api.w.org\/{rel}","templated":true}]}}