{"id":33673,"date":"2025-02-21T16:46:43","date_gmt":"2025-02-21T16:46:43","guid":{"rendered":"https:\/\/247stiri.ro\/index.php\/2025\/02\/21\/ciolacu-ii-asigura-pe-romani-ca-nu-exista-niciun-risc-pentru-securitatea-romaniei-nu-avem-nici-cel-mai-mic-motiv-de-ingrijorare-suntem-membri-nato\/"},"modified":"2025-02-21T16:46:43","modified_gmt":"2025-02-21T16:46:43","slug":"ciolacu-ii-asigura-pe-romani-ca-nu-exista-niciun-risc-pentru-securitatea-romaniei-nu-avem-nici-cel-mai-mic-motiv-de-ingrijorare-suntem-membri-nato","status":"publish","type":"post","link":"https:\/\/247stiri.ro\/index.php\/2025\/02\/21\/ciolacu-ii-asigura-pe-romani-ca-nu-exista-niciun-risc-pentru-securitatea-romaniei-nu-avem-nici-cel-mai-mic-motiv-de-ingrijorare-suntem-membri-nato\/","title":{"rendered":"Ciolacu \u00eei asigur\u0103 pe rom\u00e2ni c\u0103 nu exist\u0103 \u201dniciun risc\u201d pentru securitatea Rom\u00e2niei: \u201dNu avem nici cel mai mic motiv de \u00eengrijorare. Suntem membri NATO\u201d"},"content":{"rendered":"<p>Marcel Ciolacu a fost \u00eentrebat, vineri, la Bruxelles, ce riscuri sunt pentru securitatea Rom\u00e2nei \u00een condi\u0163iile \u00een care consilierul preziden\u0163ial Cristian Diaconescu a anun\u0163at c\u0103 Federa\u0163ia Rus\u0103 ar fi cerut americanilor s\u0103 retrag\u0103 garan\u0163iile de securitate ale NATO pe aliniamentul din 1997.<\/p>\n<p>\u201dNiciun risc\u201d, a r\u0103spuns Marcel Ciolacu.<\/p>\n<p>\u00centrebat dac\u0103 a gre\u015fit Cristian Diaconescu, premierul a r\u0103spuns: \u201d\u00centreba\u0163i-l pe domnia sa \u015fi \u00eentreba\u0163i Institu\u0163ia Preziden\u0163ial\u0103\u201d.<\/p>\n<p>El a mai fost \u00eentrebat dac\u0103 rom\u00e2nii au motive de \u00eengrijorare.<\/p>\n<p>\u201dSunt ferm convins c\u0103 domnul Cristian Diaconescu v\u0103 va r\u0103spunde la orice fel de \u00eentrebare. (&#8230;) Din punctul meu de vedere, Rom\u00e2nia nu are nici cel mai mic motiv de \u00eengrijorare. Rom\u00e2nia e o \u0163ar\u0103 care a aderat la NATO. Suntem membri NATO\u201d, a declarat Marcel Ciolacu. \u00a0\u00a0<\/p>","protected":false},"excerpt":{"rendered":"<p>Marcel Ciolacu a fost \u00eentrebat, vineri, la Bruxelles, ce riscuri sunt pentru securitatea Rom\u00e2nei \u00een&hellip;<\/p>\n","protected":false},"author":0,"featured_media":33674,"comment_status":"open","ping_status":"open","sticky":false,"template":"","format":"standard","meta":{"footnotes":""},"categories":[2],"tags":[],"class_list":["post-33673","post","type-post","status-publish","format-standard","has-post-thumbnail","hentry","category-actual"],"_links":{"self":[{"href":"https:\/\/247stiri.ro\/index.php\/wp-json\/wp\/v2\/posts\/33673","targetHints":{"allow":["GET"]}}],"collection":[{"href":"https:\/\/247stiri.ro\/index.php\/wp-json\/wp\/v2\/posts"}],"about":[{"href":"https:\/\/247stiri.ro\/index.php\/wp-json\/wp\/v2\/types\/post"}],"replies":[{"embeddable":true,"href":"https:\/\/247stiri.ro\/index.php\/wp-json\/wp\/v2\/comments?post=33673"}],"version-history":[{"count":0,"href":"https:\/\/247stiri.ro\/index.php\/wp-json\/wp\/v2\/posts\/33673\/revisions"}],"wp:featuredmedia":[{"embeddable":true,"href":"https:\/\/247stiri.ro\/index.php\/wp-json\/wp\/v2\/media\/33674"}],"wp:attachment":[{"href":"https:\/\/247stiri.ro\/index.php\/wp-json\/wp\/v2\/media?parent=33673"}],"wp:term":[{"taxonomy":"category","embeddable":true,"href":"https:\/\/247stiri.ro\/index.php\/wp-json\/wp\/v2\/categories?post=33673"},{"taxonomy":"post_tag","embeddable":true,"href":"https:\/\/247stiri.ro\/index.php\/wp-json\/wp\/v2\/tags?post=33673"}],"curies":[{"name":"wp","href":"https:\/\/api.w.org\/{rel}","templated":true}]}}