{"id":33675,"date":"2025-02-21T16:46:44","date_gmt":"2025-02-21T16:46:44","guid":{"rendered":"https:\/\/247stiri.ro\/index.php\/2025\/02\/21\/reforma-pensiilor-speciale-ce-variante-are-marcel-ciolacu-romania-risca-sa-piarda-pana-la-660-de-milioane-de-euro\/"},"modified":"2025-02-21T16:46:44","modified_gmt":"2025-02-21T16:46:44","slug":"reforma-pensiilor-speciale-ce-variante-are-marcel-ciolacu-romania-risca-sa-piarda-pana-la-660-de-milioane-de-euro","status":"publish","type":"post","link":"https:\/\/247stiri.ro\/index.php\/2025\/02\/21\/reforma-pensiilor-speciale-ce-variante-are-marcel-ciolacu-romania-risca-sa-piarda-pana-la-660-de-milioane-de-euro\/","title":{"rendered":"Reforma pensiilor speciale. Ce variante are Marcel Ciolacu. Rom\u00e2nia risc\u0103 s\u0103 piard\u0103 p\u00e2n\u0103 la 660 de milioane de euro"},"content":{"rendered":"<p>Rom\u00e2nia risc\u0103 s\u0103 piard\u0103 p\u00e2n\u0103 la 660 de milioane de euro pentru reforma\u00a0pensiilor\u00a0speciale. Premierul\u00a0Marcel Ciolacu\u00a0a fost \u00eentrebat \u00een acest context dac\u0103 o solu\u021bie ar putea s\u0103 fie cre\u0219terea v\u00e2rstei de pensionare pentru magistra\u021bi.<\/p>\n<p>\u201eEu cred c\u0103 \u0219i impozitarea progresiv\u0103 \u00een ceea ce prive\u0219te veniturile peste o sum\u0103 poate s\u0103 fie o solu\u021bie. Nu cred \u00eentr-o nou\u0103 lege \u021bint\u0103 doar pentru o categorie&#8230; Nu cred c\u0103 vreodat\u0103 o s\u0103 fie declarat\u0103 constitu\u021bional\u0103. \u0218i este \u0219i normal. Aici nu vorbim neap\u0103rat numai de magistra\u021bi. C\u00e2nd faci o lege cu dedica\u021bie pentru\u00a0 o singur\u0103 categorie niciodat\u0103 nu o s\u0103 fie declarat\u0103 constitu\u021bional\u0103. Atunci trebuie s\u0103 avem o cu totul alt\u0103 abordare, una corect\u0103, exact cum dore\u0219te \u0219i Comisia European\u0103, de echitate social\u0103: dac\u0103 ai pensie peste 30.000 de lei, dau un exemplu, normal c\u0103 te \u00eencadrezi \u00eentr-un alt plafon de impozitare. Nu cred c\u0103 e o nenorocire de la 10% la 16%&#8221;, a spus premierul, dup\u0103 o \u00eentrevedere cu pre\u0219edinta Comisiei Europene\u201d,\u00a0<\/p>","protected":false},"excerpt":{"rendered":"<p>Rom\u00e2nia risc\u0103 s\u0103 piard\u0103 p\u00e2n\u0103 la 660 de milioane de euro pentru reforma\u00a0pensiilor\u00a0speciale. Premierul\u00a0Marcel Ciolacu\u00a0a&hellip;<\/p>\n","protected":false},"author":0,"featured_media":33670,"comment_status":"open","ping_status":"open","sticky":false,"template":"","format":"standard","meta":{"footnotes":""},"categories":[2],"tags":[],"class_list":["post-33675","post","type-post","status-publish","format-standard","has-post-thumbnail","hentry","category-actual"],"_links":{"self":[{"href":"https:\/\/247stiri.ro\/index.php\/wp-json\/wp\/v2\/posts\/33675","targetHints":{"allow":["GET"]}}],"collection":[{"href":"https:\/\/247stiri.ro\/index.php\/wp-json\/wp\/v2\/posts"}],"about":[{"href":"https:\/\/247stiri.ro\/index.php\/wp-json\/wp\/v2\/types\/post"}],"replies":[{"embeddable":true,"href":"https:\/\/247stiri.ro\/index.php\/wp-json\/wp\/v2\/comments?post=33675"}],"version-history":[{"count":0,"href":"https:\/\/247stiri.ro\/index.php\/wp-json\/wp\/v2\/posts\/33675\/revisions"}],"wp:featuredmedia":[{"embeddable":true,"href":"https:\/\/247stiri.ro\/index.php\/wp-json\/wp\/v2\/media\/33670"}],"wp:attachment":[{"href":"https:\/\/247stiri.ro\/index.php\/wp-json\/wp\/v2\/media?parent=33675"}],"wp:term":[{"taxonomy":"category","embeddable":true,"href":"https:\/\/247stiri.ro\/index.php\/wp-json\/wp\/v2\/categories?post=33675"},{"taxonomy":"post_tag","embeddable":true,"href":"https:\/\/247stiri.ro\/index.php\/wp-json\/wp\/v2\/tags?post=33675"}],"curies":[{"name":"wp","href":"https:\/\/api.w.org\/{rel}","templated":true}]}}