{"id":33676,"date":"2025-02-21T16:46:45","date_gmt":"2025-02-21T16:46:45","guid":{"rendered":"https:\/\/247stiri.ro\/index.php\/2025\/02\/21\/nicusor-dan-romania-trebuie-sa-isi-intareasca-statul-si-armata-europa-trebuie-sa-si-ia-securitatea-in-propriile-maini\/"},"modified":"2025-02-21T16:46:45","modified_gmt":"2025-02-21T16:46:45","slug":"nicusor-dan-romania-trebuie-sa-isi-intareasca-statul-si-armata-europa-trebuie-sa-si-ia-securitatea-in-propriile-maini","status":"publish","type":"post","link":"https:\/\/247stiri.ro\/index.php\/2025\/02\/21\/nicusor-dan-romania-trebuie-sa-isi-intareasca-statul-si-armata-europa-trebuie-sa-si-ia-securitatea-in-propriile-maini\/","title":{"rendered":"Nicu\u0219or Dan: \u201dRom\u00e2nia trebuie s\u0103 \u00ee\u015fi \u00eent\u0103reasc\u0103 statul \u015fi armata. Europa trebuie s\u0103-\u015fi ia securitatea \u00een propriile m\u00e2ini\u201d"},"content":{"rendered":"<p>De asemenea, candidatul independent la cea mai \u00eenalt\u0103 func\u021bie din Rom\u00e2nia a subliniat c\u0103 \u021bara noastr\u0103 trebuie s\u0103 \u00ee\u015fi \u00eent\u0103reasc\u0103 statul \u015fi armata.<\/p>\n<p>\u201dDiscu\u0163iile interna\u0163ionale despre reconfigurarea securit\u0103\u0163ii \u00een Europa au prins Rom\u00e2nia \u00een cel mai prost moment posibil: anularea alegerilor f\u0103r\u0103 prezentarea ulterioar\u0103 a unor dovezi f\u0103r\u0103 echivoc care s\u0103-i conving\u0103 pe to\u0163i rom\u00e2nii, dar \u015fi pe partenerii americani de implicarea Rusiei\u201d, a scris <a href=\"https:\/\/www.realitatea.net\/stiri\/actual\/nicusor-dan-despre-caderea-actualului-guvern-trebuie-sa-ne-uitam-la-interesul-romaniei_67b7502d4a76e22ce02ca913\" target=\"_blank\">Nicu\u015for Dan<\/a>, vineri, pe Facebook.<\/p>\n\n<p>Mai mult, edilul a ad\u0103ugat c\u0103 Europa trebuie \u201es\u0103-\u015fi ia securitatea \u00een propriile m\u00e2ini\u201d, iar Rom\u00e2nia trebuie s\u0103 fie aliniat\u0103 cu statele Uniunii Europene \u00een acest efort.<\/p>","protected":false},"excerpt":{"rendered":"<p>De asemenea, candidatul independent la cea mai \u00eenalt\u0103 func\u021bie din Rom\u00e2nia a subliniat c\u0103 \u021bara&hellip;<\/p>\n","protected":false},"author":0,"featured_media":33672,"comment_status":"open","ping_status":"open","sticky":false,"template":"","format":"standard","meta":{"footnotes":""},"categories":[2],"tags":[],"class_list":["post-33676","post","type-post","status-publish","format-standard","has-post-thumbnail","hentry","category-actual"],"_links":{"self":[{"href":"https:\/\/247stiri.ro\/index.php\/wp-json\/wp\/v2\/posts\/33676","targetHints":{"allow":["GET"]}}],"collection":[{"href":"https:\/\/247stiri.ro\/index.php\/wp-json\/wp\/v2\/posts"}],"about":[{"href":"https:\/\/247stiri.ro\/index.php\/wp-json\/wp\/v2\/types\/post"}],"replies":[{"embeddable":true,"href":"https:\/\/247stiri.ro\/index.php\/wp-json\/wp\/v2\/comments?post=33676"}],"version-history":[{"count":0,"href":"https:\/\/247stiri.ro\/index.php\/wp-json\/wp\/v2\/posts\/33676\/revisions"}],"wp:featuredmedia":[{"embeddable":true,"href":"https:\/\/247stiri.ro\/index.php\/wp-json\/wp\/v2\/media\/33672"}],"wp:attachment":[{"href":"https:\/\/247stiri.ro\/index.php\/wp-json\/wp\/v2\/media?parent=33676"}],"wp:term":[{"taxonomy":"category","embeddable":true,"href":"https:\/\/247stiri.ro\/index.php\/wp-json\/wp\/v2\/categories?post=33676"},{"taxonomy":"post_tag","embeddable":true,"href":"https:\/\/247stiri.ro\/index.php\/wp-json\/wp\/v2\/tags?post=33676"}],"curies":[{"name":"wp","href":"https:\/\/api.w.org\/{rel}","templated":true}]}}