{"id":33677,"date":"2025-02-21T16:46:45","date_gmt":"2025-02-21T16:46:45","guid":{"rendered":"https:\/\/247stiri.ro\/index.php\/2025\/02\/21\/jd-vance-lanseaza-un-nou-atac-de-data-aceasta-in-colimatorul-vicepresedintelui-american-este-germania\/"},"modified":"2025-02-21T16:46:45","modified_gmt":"2025-02-21T16:46:45","slug":"jd-vance-lanseaza-un-nou-atac-de-data-aceasta-in-colimatorul-vicepresedintelui-american-este-germania","status":"publish","type":"post","link":"https:\/\/247stiri.ro\/index.php\/2025\/02\/21\/jd-vance-lanseaza-un-nou-atac-de-data-aceasta-in-colimatorul-vicepresedintelui-american-este-germania\/","title":{"rendered":"JD Vance lanseaz\u0103 un nou atac. De data aceasta \u00een colimatorul vicepre\u0219edintelui american este Germania"},"content":{"rendered":"<p>Tensiunile dintre liderii UE \u0219i Administra\u021bia Trump continu\u0103. JD Vance a ie\u0219it cu un nou avertisment, de data aceasta la adresa Germaniei. \u00cen acela\u0219i discurs \u00een care a atacat \u0219i Rom\u00e2nia, vicepre\u0219edintele SUA a lansat acuza\u021bii similare la adresa Germaniei, c\u0103 actualul guvern ar \u00eencerca s\u0103 \u00eei amu\u021beasc\u0103 pe to\u021bi cei care \u00eendr\u0103znesc s\u0103-l critice. \u00cen plus, a folosit \u0219i una dintre temele favorite ale lui Trump, banii pentru ap\u0103rare, unde Germania este deficitar\u0103.<\/p>\n<p>\u201e\u00centreaga ap\u0103rare a Germaniei este subven\u021bionat\u0103 de contribuabilul american. Sunt mii \u015fi mii de solda\u0163i americani \u00een Germania ast\u0103zi. Contribuabilul american va accepta asta dac\u0103 \u00een Germania e\u015fti aruncat \u00een \u00eenchisoare doar pentru postarea unui tweet, crede\u021bi asta? Evident, nu va accepta&#8221;, a declarat vicepre\u0219edintele american, la Conferin\u021ba Ac\u021biunii Politice Conservatoare (CPAC).<\/p>\n<p>El \u0219i-a continuat astfel criticile la adresa liderilor europeni formulate vinerea trecut\u0103 la Conferin\u021ba de Securitate de la M\u00fcnchen, unde a estimat c\u0103, mai mult dec\u00e2t vreo amenin\u021bare din partea Rusiei sau a Chinei, Europa este amenin\u021bat\u0103 \u201edin interior&#8221; de migra\u021bia ilegal\u0103, de cenzur\u0103, \u00eengr\u0103direa libert\u0103\u021bii de exprimare \u0219i subminarea valorilor democratice.<\/p>\n<p>Astfel, Vance a criticat \u00een special \u201ecordonul sanitar&#8221;, care \u00eempiedic\u0103 \u00een Germania AfD-ul s\u0103 accead\u0103 la guvernare \u0219i de asemenea, a vorbit despre anularea alegerilor preziden\u021biale din Rom\u00e2nia decis\u0103 \u201epe baza unor suspiciuni \u0219ubrede ale unei agen\u021bii de informa\u021bii&#8221; \u0219i \u00een urma unor \u201eenorme presiuni&#8221; externe.<\/p>\n<p>JD Vance acuz\u0103 liderii UE de impunerea cenzurii<\/p>\n<p>\u00cen declara\u021biile f\u0103cute la CPAC, Vance a acuzat guvernele occidentale c\u0103, \u00een timpul administra\u021biei pre\u0219edintelui Joe Biden, au impus o cultur\u0103 a cenzurii comparabil\u0103 cu cea a statelor autoritare.<\/p>\n<p>\u201eAdministra\u021bia Biden a f\u0103cut mai mult pentru a distruge libertatea de exprimare, nu doar \u00een SUA, ci \u0219i \u00een Europa, dec\u00e2t orice alt\u0103 administra\u021bie \u00een istoria american\u0103&#8221;, a remarcat vicepre\u0219edintele SUA. \u201eUrma\u021bi direc\u021bia lui Donald Trump, aceea a libert\u0103\u021bii de exprimare, a frontierelor \u0219i suveranit\u0103\u021bii! Acesta este viitorul civiliza\u021biei noastre comune&#8221;, a \u00eendemnat JD Vance.<\/p>\n<p>\u201ePrietenia este bazat\u0103 pe valori comune. Nu ai valori comune dac\u0103 \u00eencarcerezi oameni pentru c\u0103 spun c\u0103 trebuie s\u0103 ne \u00eenchidem grani\u021bele (n.r. &#8211; \u00een fa\u021ba migran\u021bilor), nu ai valori comune dac\u0103 anulezi alegeri pentru c\u0103 nu-\u021bi place rezultatul, iar asta s-a \u00eent\u00e2mplat \u00een Rom\u00e2nia, nu ai valori comune dac\u0103 \u021bi-e at\u00e2t de team\u0103 de propriul popor \u00eenc\u00e2t \u00eel reduci la t\u0103cere&#8221;, a mai subliniat vicepre\u0219edintele \u00een interviul de la Conferin\u021ba Ac\u021biunii Politice Conservatoare.<\/p>","protected":false},"excerpt":{"rendered":"<p>Tensiunile dintre liderii UE \u0219i Administra\u021bia Trump continu\u0103. JD Vance a ie\u0219it cu un nou&hellip;<\/p>\n","protected":false},"author":0,"featured_media":33668,"comment_status":"open","ping_status":"open","sticky":false,"template":"","format":"standard","meta":{"footnotes":""},"categories":[2],"tags":[],"class_list":["post-33677","post","type-post","status-publish","format-standard","has-post-thumbnail","hentry","category-actual"],"_links":{"self":[{"href":"https:\/\/247stiri.ro\/index.php\/wp-json\/wp\/v2\/posts\/33677","targetHints":{"allow":["GET"]}}],"collection":[{"href":"https:\/\/247stiri.ro\/index.php\/wp-json\/wp\/v2\/posts"}],"about":[{"href":"https:\/\/247stiri.ro\/index.php\/wp-json\/wp\/v2\/types\/post"}],"replies":[{"embeddable":true,"href":"https:\/\/247stiri.ro\/index.php\/wp-json\/wp\/v2\/comments?post=33677"}],"version-history":[{"count":0,"href":"https:\/\/247stiri.ro\/index.php\/wp-json\/wp\/v2\/posts\/33677\/revisions"}],"wp:featuredmedia":[{"embeddable":true,"href":"https:\/\/247stiri.ro\/index.php\/wp-json\/wp\/v2\/media\/33668"}],"wp:attachment":[{"href":"https:\/\/247stiri.ro\/index.php\/wp-json\/wp\/v2\/media?parent=33677"}],"wp:term":[{"taxonomy":"category","embeddable":true,"href":"https:\/\/247stiri.ro\/index.php\/wp-json\/wp\/v2\/categories?post=33677"},{"taxonomy":"post_tag","embeddable":true,"href":"https:\/\/247stiri.ro\/index.php\/wp-json\/wp\/v2\/tags?post=33677"}],"curies":[{"name":"wp","href":"https:\/\/api.w.org\/{rel}","templated":true}]}}