{"id":33687,"date":"2025-02-21T17:44:48","date_gmt":"2025-02-21T17:44:48","guid":{"rendered":"https:\/\/247stiri.ro\/index.php\/2025\/02\/21\/de-ce-s-a-dus-ciolacu-la-sefa-comisiei-europene-si-ce-a-obtinut-de-la-ursula-von-der-leyen\/"},"modified":"2025-02-21T17:44:48","modified_gmt":"2025-02-21T17:44:48","slug":"de-ce-s-a-dus-ciolacu-la-sefa-comisiei-europene-si-ce-a-obtinut-de-la-ursula-von-der-leyen","status":"publish","type":"post","link":"https:\/\/247stiri.ro\/index.php\/2025\/02\/21\/de-ce-s-a-dus-ciolacu-la-sefa-comisiei-europene-si-ce-a-obtinut-de-la-ursula-von-der-leyen\/","title":{"rendered":"De ce s-a dus Ciolacu la \u0219efa Comisiei Europene \u0219i ce a ob\u021binut de la Ursula von der Leyen"},"content":{"rendered":"<p>Marcel Ciolacu a declarat c\u0103 a avut o \u00eent\u00e2lnire cu Ursula von der Leyen, \u00eempreun\u0103 cu ministrul Finan\u021belor \u0219i ministrul Fondurilor Europene. El a subliniat c\u0103 prioritatea discu\u021biei a fost cererea de plat\u0103 num\u0103rul 3 \u0219i renegocierea Planului Na\u021bional de Redresare \u0219i Rezilien\u021b\u0103 (PNRR). De asemenea, a men\u021bionat c\u0103 s-a discutat \u0219i despre \u00eenchiderea anumitor capacit\u0103\u021bi pe c\u0103rbune, conform \u021bintei 119.<\/p>\n<p>\u201eNormal c\u0103 prioritatea a fost discu\u021bia \u00een ceea ce prive\u0219te cererea de plat\u0103 num\u0103rul 3 \u0219i, pe urm\u0103, renegocierea PNRR-ului\u201d<\/p>\n<p>Ciolacu a afirmat c\u0103, av\u00e2nd \u00een vedere deficitul asumat de 7% pentru acest an, este important s\u0103 se prioritizeze proiectele cu cofinan\u021bare mare din partea bugetului na\u021bional \u0219i c\u0103 urmeaz\u0103 \u00eent\u00e2lniri cu fiecare ministru implicat \u00een PNRR. El a subliniat necesitatea de a analiza reformele esen\u021biale \u0219i a men\u021bionat c\u0103 \u201enu se m\u0103re\u0219te nici TVA-ul \u0219i nu se atinge nimeni nici de cota unic\u0103\u201d.<\/p>\n<p>Am avut o \u00eent\u00e2lnire cu doamna pre\u0219edint\u0103, \u00eempreun\u0103 cu domnul ministru al Finan\u021belor, \u00eempreun\u0103 cu domnul ministru al Fondurilor Europene. Normal c\u0103 prioritatea a fost discu\u021bia \u00een ceea ce prive\u0219te cererea de plat\u0103 num\u0103rul 3 \u0219i, pe urm\u0103, renegocierea PNRR-ului.<\/p>\n<p>m vorbit \u0219i de \u021binta 119, care prevede s\u0103 se \u00eenchid\u0103 anumite capacit\u0103\u021bi pe c\u0103rbune la sf\u00e2r\u0219itul anului. Au fost mai multe negocieri \u021bin\u00e2nd cont c\u0103 avem un deficit asumat anul acesta de 7 %, s\u0103 \u00eencerc\u0103m proiectele care au cofinan\u021bare foarte mare din partea bugetului na\u021bional, s\u0103 le trecem pe coeziune \u0219i investi\u021biile care au cofinan\u021b\u0103ri mai mici s\u0103 fie prioritare anul acesta.<\/p>\n<p>Este un demers \u00eenceput din acest moment. Urmeaz\u0103, dup\u0103 cum bine \u0219ti\u021bi, \u00eempreun\u0103 cu domnul ministru al Finan\u021belor, domnul ministru Bolo\u0219, s\u0103 avem \u00eent\u00e2lniri cu fiecare ministru \u00een parte, care are \u00een desf\u0103\u0219urare PNRR-ul.<\/p>\n<p>Am discutat \u0219i despre reformele esen\u021biale \u0219i din recomand\u0103rile esen\u021biale de \u021bar\u0103, s\u0103 facem o analiz\u0103 a lor, astfel \u00eenc\u00e2t s\u0103 avem lucrurile foarte clare c\u00e2nd se va \u00eent\u00e2mpla renegocierea PNRR.<\/p>\n<p>Am discutat, cum era normal, \u0219i de reforma fiscal\u0103 \u0219i \u00eemi men\u021bin acela\u0219i lucru \u0219i sunt ferm convins c\u0103 a\u0219a se va \u0219i \u00eent\u00e2mpla. Nu se m\u0103re\u0219te nici TVA-ul \u0219i nu se atinge nimeni nici de cota unic\u0103\u201d.<\/p>","protected":false},"excerpt":{"rendered":"<p>Marcel Ciolacu a declarat c\u0103 a avut o \u00eent\u00e2lnire cu Ursula von der Leyen, \u00eempreun\u0103&hellip;<\/p>\n","protected":false},"author":0,"featured_media":33684,"comment_status":"open","ping_status":"open","sticky":false,"template":"","format":"standard","meta":{"footnotes":""},"categories":[2],"tags":[],"class_list":["post-33687","post","type-post","status-publish","format-standard","has-post-thumbnail","hentry","category-actual"],"_links":{"self":[{"href":"https:\/\/247stiri.ro\/index.php\/wp-json\/wp\/v2\/posts\/33687","targetHints":{"allow":["GET"]}}],"collection":[{"href":"https:\/\/247stiri.ro\/index.php\/wp-json\/wp\/v2\/posts"}],"about":[{"href":"https:\/\/247stiri.ro\/index.php\/wp-json\/wp\/v2\/types\/post"}],"replies":[{"embeddable":true,"href":"https:\/\/247stiri.ro\/index.php\/wp-json\/wp\/v2\/comments?post=33687"}],"version-history":[{"count":0,"href":"https:\/\/247stiri.ro\/index.php\/wp-json\/wp\/v2\/posts\/33687\/revisions"}],"wp:featuredmedia":[{"embeddable":true,"href":"https:\/\/247stiri.ro\/index.php\/wp-json\/wp\/v2\/media\/33684"}],"wp:attachment":[{"href":"https:\/\/247stiri.ro\/index.php\/wp-json\/wp\/v2\/media?parent=33687"}],"wp:term":[{"taxonomy":"category","embeddable":true,"href":"https:\/\/247stiri.ro\/index.php\/wp-json\/wp\/v2\/categories?post=33687"},{"taxonomy":"post_tag","embeddable":true,"href":"https:\/\/247stiri.ro\/index.php\/wp-json\/wp\/v2\/tags?post=33687"}],"curies":[{"name":"wp","href":"https:\/\/api.w.org\/{rel}","templated":true}]}}