{"id":33688,"date":"2025-02-21T17:44:48","date_gmt":"2025-02-21T17:44:48","guid":{"rendered":"https:\/\/247stiri.ro\/index.php\/2025\/02\/21\/gigi-becali-explicatii-in-direct-la-realitatea-plus-dupa-anuntul-candidaturii-eu-nu-sunt-legat-de-aur\/"},"modified":"2025-02-21T17:44:48","modified_gmt":"2025-02-21T17:44:48","slug":"gigi-becali-explicatii-in-direct-la-realitatea-plus-dupa-anuntul-candidaturii-eu-nu-sunt-legat-de-aur","status":"publish","type":"post","link":"https:\/\/247stiri.ro\/index.php\/2025\/02\/21\/gigi-becali-explicatii-in-direct-la-realitatea-plus-dupa-anuntul-candidaturii-eu-nu-sunt-legat-de-aur\/","title":{"rendered":"Gigi Becali, explica\u021bii \u00een direct la Realitatea Plus, dup\u0103 anun\u021bul candidaturii: \u201dEu nu sunt legat de AUR\u201d"},"content":{"rendered":"<p>\u201dCa s\u0103 v\u0103 l\u0103muresc, \u00een primul r\u00e2nd, pe dumneavoastr\u0103 c\u0103 a\u021bi spus c\u0103: Domnule, nu \u00een\u021beleg de ce Becali, dac\u0103 a intrat \u00eentr-o echip\u0103, de ce nu face ce zice echipa. El, Becali, c\u00e2nd a intrat \u00eentr-o echip\u0103 a vorbit cu c\u0103pitanul echipei.\u00a0<\/p>\n<p>I-am spus: Eu vin \u00een AUR, eu spun ce vreau \u0219i ce cred, niciodat\u0103 nu o s\u0103 spun ceea ce spune partidul dec\u00e2t c\u00e2nd \u00eentr-adev\u0103r sunt \u00een acela\u0219i sentiment cu partidul la anumite lucruri, chestiuni politice. Atunci c\u00e2nd eu sunt convins de altceva, eu voi spune ceea ce cred eu. A\u0219a a fost \u00een\u021belegerea mea, la mine acas\u0103, cu George Simion.\u00a0<\/p>\n<p>Iar eu, ca s\u0103 fiu dat afar\u0103 din AUR, eu i-am spus lui George a\u0219a: George, dac\u0103 crezi c\u0103 \u00ee\u021bi prinde bine \u0219i crezi c\u0103 e folositor, oric\u00e2nd \u00eemi spui: nea Gigi, dar s\u0103 nu \u00eemi spui Becali, nea Gigi, cum a\u0219a ne-am cunoscut, nea Gigi, nu e bine s\u0103 mai stai \u00een AUR. Plec a doua zi.\u00a0<\/p>\n<p>Legat de AUR, de echipa asta AUR, ceea ce spun unii, pe mine nu m\u0103 intereseaz\u0103. Pe mine m\u0103 intereseaz\u0103 cu cine am convenit \u0219i cu cine am stat la mas\u0103, cu George Simion, at\u00e2t. Dac\u0103 vine Trump \u0219i Musk \u0219i spune: Domnule, trebuie s\u0103 fie Georgescu, p\u0103i nu poate s\u0103 \u00eemi dea mie niciodat\u0103 ordine dec\u00e2t Hristos, nici Trump, nici Musk, nici nimeni!\u201d, a declarat Gigi Becali, la Realitatea PLUS.<\/p>\n<p>Mai mult, Gigi Becali a subliniat c\u0103 exist\u0103 varianta ca s\u0103 intre \u00een cursa pentru Cotroceni din partea AUR.<\/p>\n<p>\u201dEu, dac\u0103 nu candideaz\u0103 Simion, candidez eu din partea AUR. Simon poate s\u0103 spun\u0103: Da, nea Gigi, eu nu candidez, dac\u0103 po\u021bi s\u0103 \u00ee\u021bi depui candidatura noi AUR te sus\u021binem sau nu te sus\u021binem, mai bine d\u0103-\u021bi demisia. Sunt dou\u0103 variante. Poate s\u0103 spun\u0103: Nu te sus\u021binem sau te sus\u021binem! \u0218i atunci candidez din partea AUR\u201d, a mai spus patronul FCSB.\u00a0<\/p>\n<p>\u00centrebat dac\u0103 \u00ee\u0219i d\u0103 demisia din AUR, din partea c\u0103rui partid va candida la pre\u0219edin\u021bie, latifundiarul din Pipera a r\u0103spuns: \u201dIndependent sau su\u021binut de Partidul Na\u021bional Cre\u0219tin!\u201d<\/p>","protected":false},"excerpt":{"rendered":"<p>\u201dCa s\u0103 v\u0103 l\u0103muresc, \u00een primul r\u00e2nd, pe dumneavoastr\u0103 c\u0103 a\u021bi spus c\u0103: Domnule, nu&hellip;<\/p>\n","protected":false},"author":0,"featured_media":33686,"comment_status":"open","ping_status":"open","sticky":false,"template":"","format":"standard","meta":{"footnotes":""},"categories":[2],"tags":[],"class_list":["post-33688","post","type-post","status-publish","format-standard","has-post-thumbnail","hentry","category-actual"],"_links":{"self":[{"href":"https:\/\/247stiri.ro\/index.php\/wp-json\/wp\/v2\/posts\/33688","targetHints":{"allow":["GET"]}}],"collection":[{"href":"https:\/\/247stiri.ro\/index.php\/wp-json\/wp\/v2\/posts"}],"about":[{"href":"https:\/\/247stiri.ro\/index.php\/wp-json\/wp\/v2\/types\/post"}],"replies":[{"embeddable":true,"href":"https:\/\/247stiri.ro\/index.php\/wp-json\/wp\/v2\/comments?post=33688"}],"version-history":[{"count":0,"href":"https:\/\/247stiri.ro\/index.php\/wp-json\/wp\/v2\/posts\/33688\/revisions"}],"wp:featuredmedia":[{"embeddable":true,"href":"https:\/\/247stiri.ro\/index.php\/wp-json\/wp\/v2\/media\/33686"}],"wp:attachment":[{"href":"https:\/\/247stiri.ro\/index.php\/wp-json\/wp\/v2\/media?parent=33688"}],"wp:term":[{"taxonomy":"category","embeddable":true,"href":"https:\/\/247stiri.ro\/index.php\/wp-json\/wp\/v2\/categories?post=33688"},{"taxonomy":"post_tag","embeddable":true,"href":"https:\/\/247stiri.ro\/index.php\/wp-json\/wp\/v2\/tags?post=33688"}],"curies":[{"name":"wp","href":"https:\/\/api.w.org\/{rel}","templated":true}]}}