{"id":33689,"date":"2025-02-21T17:44:48","date_gmt":"2025-02-21T17:44:48","guid":{"rendered":"https:\/\/247stiri.ro\/index.php\/2025\/02\/21\/ciolacu-reactie-la-cele-doua-atacuri-jd-vance-catre-romania-o-sa-incercam-pe-canalele-diplomatice-sa-facem-cat-mai-multe-lamuriri-cred-ca-se-intra-intr-o-normalizare\/"},"modified":"2025-02-21T17:44:48","modified_gmt":"2025-02-21T17:44:48","slug":"ciolacu-reactie-la-cele-doua-atacuri-jd-vance-catre-romania-o-sa-incercam-pe-canalele-diplomatice-sa-facem-cat-mai-multe-lamuriri-cred-ca-se-intra-intr-o-normalizare","status":"publish","type":"post","link":"https:\/\/247stiri.ro\/index.php\/2025\/02\/21\/ciolacu-reactie-la-cele-doua-atacuri-jd-vance-catre-romania-o-sa-incercam-pe-canalele-diplomatice-sa-facem-cat-mai-multe-lamuriri-cred-ca-se-intra-intr-o-normalizare\/","title":{"rendered":"Ciolacu, reac\u021bie la cele dou\u0103 atacuri JD Vance c\u0103tre Rom\u00e2nia: \u201dO s\u0103 \u00eencerc\u0103m pe canalele diplomatice s\u0103 facem c\u00e2t mai multe l\u0103muriri. Cred c\u0103 se intra \u00eentr-o normalizare\u201d"},"content":{"rendered":"<p>Marcel Ciolacu a fost \u00eentrebat, vineri, la Bruxelles, despre declara\u0163iile vicepre\u015fedintelui american JD Vance \u00een leg\u0103tur\u0103 cu anularea alegerilor din Rom\u00e2nia.\u00a0<\/p>\n<p>\u201dEste punctul domniei sale de vedere. O s\u0103 \u00eencerc\u0103m pe canalele diplomatice s\u0103 facem c\u00e2t mai multe l\u0103muriri, ca domnul vicepre\u015fedinte s\u0103 aib\u0103 \u00eentregul tablou cu ceea ce s-a \u00eent\u00e2mplat \u00een Rom\u00e2nia\u201d, a afirmat Ciolacu.<\/p>\n<p>El a mai fost \u00eentrebat cum ar caracteriza acum rela\u0163ia dintre Rom\u00e2nia \u015fi SUA.<\/p>\n<p>\u201cSuntem \u00eentr-un proces de schimbare \u00een acest moment \u015fi de abordare a politicii externe, nu numai cu Rom\u00e2nia a noii administra\u0163ii a pre\u015fedintelui Trump, dar cred c\u0103 se va intra \u00eentr-o normalizare\u201d, a mai transmis premierul.<\/p>\n<p>Acesta a ad\u0103ugat: \u201dEu cred c\u0103 avem valori comune. Eu cred c\u0103 este o lips\u0103 de comunicare\u201d.<\/p>\n<p>Ciolacu a mai fost \u00eentrebat dac\u0103 a avut personal discu\u0163ii cu administra\u0163ia Trump dup\u0103 criticile lansate la adresa Rom\u00e2niei de apropia\u0163i ai pre\u015fedintelui SUA.<\/p>\n<p>\u201dAu existat discu\u0163ii \u015fi vor exista \u00een continuare\u201d, a precizat premierul.<\/p>\n<p>Vicepre\u015fedintele american JD Vance a criticat, joi, din nou, anularea alegerilor preziden\u0163iale \u00een Rom\u00e2nia \u00eentr-un discurs rostit la Conferin\u0163a Ac\u0163iunii Politice a Conservatorilor (CPAC), dup\u0103 ce o f\u0103cuse \u015fi s\u0103pt\u0103m\u00e2na trecut\u0103 la Conferin\u0163a de Securitate de la Munchen.<\/p>\n<p>\u201dIdeea pe care \u00eencerc s\u0103 le-o spun prietenilor no\u015ftri europeni &#8211; \u015fi cred c\u0103 sunt prietenii no\u015ftri, cred asta. \u015etiu c\u0103 pre\u015fedintele Trump crede. Aceast\u0103 prietenie se bazeaz\u0103 pe valori comune. Nu ai valori comune dac\u0103 \u00eencarcerezi oameni pentru c\u0103 spun c\u0103 ar trebui s\u0103 ne \u00eenchidem grani\u0163a. Nu ai valori comune dac\u0103 anulezi alegerile pentru c\u0103 nu-\u0163i plac rezultatele, \u015fi asta s-a \u00eent\u00e2mplat \u00een Rom\u00e2nia. Nu ai valori comune dac\u0103 \u0163i-e at\u00e2t de fric\u0103 de propriii t\u0103i oameni \u00eenc\u00e2t \u00eei reduci la t\u0103cere \u015fi le \u00eenchizi gura\u201d, a declarat JD Vance, citat de The Hill.<\/p>\n<p>\u201dDeci, haide\u0163i s\u0103 avem valori comune\u201d, a \u00eendemnat el.<\/p>","protected":false},"excerpt":{"rendered":"<p>Marcel Ciolacu a fost \u00eentrebat, vineri, la Bruxelles, despre declara\u0163iile vicepre\u015fedintelui american JD Vance \u00een&hellip;<\/p>\n","protected":false},"author":0,"featured_media":33690,"comment_status":"open","ping_status":"open","sticky":false,"template":"","format":"standard","meta":{"footnotes":""},"categories":[2],"tags":[],"class_list":["post-33689","post","type-post","status-publish","format-standard","has-post-thumbnail","hentry","category-actual"],"_links":{"self":[{"href":"https:\/\/247stiri.ro\/index.php\/wp-json\/wp\/v2\/posts\/33689","targetHints":{"allow":["GET"]}}],"collection":[{"href":"https:\/\/247stiri.ro\/index.php\/wp-json\/wp\/v2\/posts"}],"about":[{"href":"https:\/\/247stiri.ro\/index.php\/wp-json\/wp\/v2\/types\/post"}],"replies":[{"embeddable":true,"href":"https:\/\/247stiri.ro\/index.php\/wp-json\/wp\/v2\/comments?post=33689"}],"version-history":[{"count":0,"href":"https:\/\/247stiri.ro\/index.php\/wp-json\/wp\/v2\/posts\/33689\/revisions"}],"wp:featuredmedia":[{"embeddable":true,"href":"https:\/\/247stiri.ro\/index.php\/wp-json\/wp\/v2\/media\/33690"}],"wp:attachment":[{"href":"https:\/\/247stiri.ro\/index.php\/wp-json\/wp\/v2\/media?parent=33689"}],"wp:term":[{"taxonomy":"category","embeddable":true,"href":"https:\/\/247stiri.ro\/index.php\/wp-json\/wp\/v2\/categories?post=33689"},{"taxonomy":"post_tag","embeddable":true,"href":"https:\/\/247stiri.ro\/index.php\/wp-json\/wp\/v2\/tags?post=33689"}],"curies":[{"name":"wp","href":"https:\/\/api.w.org\/{rel}","templated":true}]}}