{"id":33705,"date":"2025-02-21T18:46:15","date_gmt":"2025-02-21T18:46:15","guid":{"rendered":"https:\/\/247stiri.ro\/index.php\/2025\/02\/21\/kremlinul-neaga-ca-ar-fi-cerut-la-negocierile-cu-sua-de-la-riad-retragerea-trupelor-nato-din-europa-de-est\/"},"modified":"2025-02-21T18:46:15","modified_gmt":"2025-02-21T18:46:15","slug":"kremlinul-neaga-ca-ar-fi-cerut-la-negocierile-cu-sua-de-la-riad-retragerea-trupelor-nato-din-europa-de-est","status":"publish","type":"post","link":"https:\/\/247stiri.ro\/index.php\/2025\/02\/21\/kremlinul-neaga-ca-ar-fi-cerut-la-negocierile-cu-sua-de-la-riad-retragerea-trupelor-nato-din-europa-de-est\/","title":{"rendered":"Kremlinul neag\u0103 c\u0103 ar fi cerut, la negocierile cu SUA de la Riad, retragerea trupelor NATO din Europa de Est"},"content":{"rendered":"<p>TASS precizeaz\u0103 c\u0103 anterior, consilierul preziden\u0163ial rom\u00e2n pe probleme de ap\u0103rare \u015fi securitate na\u0163ional\u0103 Cristian Diaconescu\u00a0declarase\u00a0c\u0103 la discu\u0163iile dintre delega\u0163iile Rusiei \u015fi SUA de la Riad, partea rus\u0103 a cerut retragerea NATO din Europa de Est. Potrivit acestuia, SUA au respins aceast\u0103 cerere.<\/p>\n<p>\u201eNu, acest lucru nu este adev\u0103rat, nu este adev\u0103rat\u201d, a declarat Peskov, fiind \u00eentrebat, vineri, jurnali\u015fti despre aceste declara\u0163ii.<\/p>\n<p>Purt\u0103torul de cuv\u00e2nt al lui Vladimir Putin a recunoscut \u00eens\u0103 c\u0103 extinderea NATO reprezint\u0103 un motiv de \u00eengrijorare pentru Moscova, dar a comentat c\u0103 aceast\u0103 pozi\u0163ie este binecunoscut\u0103 \u015fi \u201enu este un secret pentru nimeni\u201d.<\/p>\n<p>Pe de alt\u0103 parte,\u00a0\u00a0pre\u015fedintele Poloniei Andrzej Duda a declarat\u00a0mar\u0163i c\u0103 oficialii americani l-au asigurat c\u0103 Washingtonul nu inten\u0163ioneaz\u0103 s\u0103 reduc\u0103 num\u0103rul trupelor \u00een Europa de Est. El a f\u0103cut aceste declara\u0163ii presei dup\u0103 \u00eent\u00e2lnirea cu trimisul lui Donald Trump pentru Ucraina, Keith Kellogg, \u015fi dup\u0103 ce vinerea trecut\u0103 \u00eel primise \u00een vizit\u0103 pe \u015feful Pentagonului, Pete Hegseth. Potrivit presei de la Var\u015fovia, pre\u015fedintele Duda ar urma s\u0103 plece \u00een Statele Unite, unde s\u00e2mb\u0103t\u0103 va avea o \u00eentrevedere cu Donald Trump.<\/p>","protected":false},"excerpt":{"rendered":"<p>TASS precizeaz\u0103 c\u0103 anterior, consilierul preziden\u0163ial rom\u00e2n pe probleme de ap\u0103rare \u015fi securitate na\u0163ional\u0103 Cristian&hellip;<\/p>\n","protected":false},"author":0,"featured_media":33699,"comment_status":"open","ping_status":"open","sticky":false,"template":"","format":"standard","meta":{"footnotes":""},"categories":[2],"tags":[],"class_list":["post-33705","post","type-post","status-publish","format-standard","has-post-thumbnail","hentry","category-actual"],"_links":{"self":[{"href":"https:\/\/247stiri.ro\/index.php\/wp-json\/wp\/v2\/posts\/33705","targetHints":{"allow":["GET"]}}],"collection":[{"href":"https:\/\/247stiri.ro\/index.php\/wp-json\/wp\/v2\/posts"}],"about":[{"href":"https:\/\/247stiri.ro\/index.php\/wp-json\/wp\/v2\/types\/post"}],"replies":[{"embeddable":true,"href":"https:\/\/247stiri.ro\/index.php\/wp-json\/wp\/v2\/comments?post=33705"}],"version-history":[{"count":0,"href":"https:\/\/247stiri.ro\/index.php\/wp-json\/wp\/v2\/posts\/33705\/revisions"}],"wp:featuredmedia":[{"embeddable":true,"href":"https:\/\/247stiri.ro\/index.php\/wp-json\/wp\/v2\/media\/33699"}],"wp:attachment":[{"href":"https:\/\/247stiri.ro\/index.php\/wp-json\/wp\/v2\/media?parent=33705"}],"wp:term":[{"taxonomy":"category","embeddable":true,"href":"https:\/\/247stiri.ro\/index.php\/wp-json\/wp\/v2\/categories?post=33705"},{"taxonomy":"post_tag","embeddable":true,"href":"https:\/\/247stiri.ro\/index.php\/wp-json\/wp\/v2\/tags?post=33705"}],"curies":[{"name":"wp","href":"https:\/\/api.w.org\/{rel}","templated":true}]}}