{"id":33714,"date":"2025-02-21T19:54:50","date_gmt":"2025-02-21T19:54:50","guid":{"rendered":"https:\/\/247stiri.ro\/index.php\/2025\/02\/21\/mitul-din-cauza-caruia-multe-femei-nu-poata-palarii-sau-caciuli-iarna-explicatiile-specialistilor\/"},"modified":"2025-02-21T19:54:50","modified_gmt":"2025-02-21T19:54:50","slug":"mitul-din-cauza-caruia-multe-femei-nu-poata-palarii-sau-caciuli-iarna-explicatiile-specialistilor","status":"publish","type":"post","link":"https:\/\/247stiri.ro\/index.php\/2025\/02\/21\/mitul-din-cauza-caruia-multe-femei-nu-poata-palarii-sau-caciuli-iarna-explicatiile-specialistilor\/","title":{"rendered":"Mitul din cauza c\u0103ruia multe femei nu poat\u0103 p\u0103l\u0103rii sau c\u0103ciuli iarna. Explica\u021biile speciali\u0219tilor"},"content":{"rendered":"<p>De foarte mul\u021bi ani, \u00een spa\u021biul public, circul\u0103 o informa\u021bie conform c\u0103reia \u00ee\u021bi cade p\u0103rul dac\u0103 por\u021bi p\u0103l\u0103rii, \u0219epci sau c\u0103ciuli frecvent \u00een <a href=\"https:\/\/www.realitatea.net\/stiri\/actual\/cum-sa-rezisti-la-frig-sfaturi-esentiale-pentru-a-evita-imbolnavirea-in-sezonul-rece-recomandarea-medicilor_67b462c35cfd7536e0741d38\" target=\"_blank\">sezonul rece<\/a>. Mitul acesta, la fel ca multe alte mituri legate de s\u0103n\u0103tate \u0219i \u00eengrijire, porne\u0219te totu\u0219i de la un s\u00e2mbure de adev\u0103r.<\/p>\n<p>\u00cen anumite perioade ale vie\u021bii, fiecare dintre noi ne-am confruntat cu o c\u0103dere accentuat\u0103 a p\u0103rului, fenomen care poate dura dou\u0103 \u2013 trei luni sau mai mult, dar poate fi stopat cu remediile potrivite.<\/p>\n<p>Zilnic, pierdem \u00een medie 50 \u2013 100 de fire de p\u0103r, de cele mai multe ori le observ\u0103m diminea\u021ba, c\u00e2nd ne piept\u0103n\u0103m.<\/p>\n<p>Speciali\u0219tii spun c\u0103 firele de p\u0103r au un ciclu natural complex, dar destul de simplu. Un fir de p\u0103r se dezvolt\u0103 din folicul \u0219i cre\u0219te \u00eentr-o perioad\u0103 lung\u0103 de timp, de la doi p\u00e2n\u0103 la cel mult \u0219apte ani. Urmeaz\u0103 o perioad\u0103 de stagnare, \u00een care firul de p\u0103r se opre\u0219te din cre\u0219tere, apoi se desprinde de folicul \u0219i cade.<\/p>\n<p>\u00cen fiecare zi pierdem c\u00e2teva zeci de fire de p\u0103r, dar \u00eencep s\u0103 se dezvoltele altele noi aproape imediat ce firele vechi se desprind din foliculi. \u00cen cazul \u00een care e\u0219ti un om s\u0103n\u0103tos \u0219i nu traversezi perioade critice sau stresante, iar scalpul t\u0103u este \u0219i el s\u0103n\u0103tos, nu trebuie s\u0103 \u00ee\u021bi faci griji c\u0103 \u00ee\u021bi cade p\u0103rul dac\u0103 por\u021bi p\u0103l\u0103rii, \u0219epci sau c\u0103ciuli. Potrivit exper\u021bilor, acesta este doar un mit, de\u0219i are la baz\u0103 dou\u0103 motive pertinente.\u00a0<\/p>\n<p>Sunt b\u0103rba\u021bi care poart\u0103 aproape zilnic ceva pe cap, din pur\u0103 obi\u0219nuin\u021b\u0103, \u0219i care cred c\u0103 \u0219apca a gr\u0103bit apari\u021bia calvi\u021biei. Sunt \u0219i numeroase femei care evit\u0103 s\u0103 poarte c\u0103ciuli iarna pentru c\u0103 p\u0103rul are de suferit \u0219i cade \u00eentr-o cantitate mai mare.<\/p>\n<p>Astfel, mul\u021bi dintre noi cred c\u0103 \u00ee\u021bi cade p\u0103rul dac\u0103 por\u021bi p\u0103l\u0103rii, \u0219epci sau c\u0103ciuli, iar mitul se perpetueaz\u0103 \u0219i pare s\u0103 fie sus\u021binut de experien\u021ba celor care se pl\u00e2ng c\u0103 le cade mai mult p\u0103r \u00een sezonul rece, dac\u0103 poart\u0103 zilnic ceva pe cap.<\/p>\n<p>Care ar fi motivele acestui mit? Explica\u021bia este legat\u0103 de dou\u0103 cauze reale \u0219i pertinente \u0219i anume transpira\u021bia \u0219i excesul de sebum sau gr\u0103sime.\u00a0<\/p>\n<p>Mul\u021bi dintre cei care poart\u0103 frecvent ceva pe cap au observat c\u0103 p\u0103rul transpir\u0103 mai mult, chiar \u0219i pe timpul iernii, ceea ce este absolut firesc. Iar transpira\u021bia este \u00eenso\u021bit\u0103 \u0219i de un exces de sebum, o gr\u0103sime care afecteaz\u0103 s\u0103n\u0103tatea scalpului \u0219i a firelor de p\u0103r.<\/p>\n<p>Este adev\u0103rat c\u0103 transpira\u021bia s\u0103rat\u0103 \u0219i gr\u0103simea care se acumuleaz\u0103 la baza firelor de p\u0103r \u00eempiedic\u0103 pielea s\u0103 mai respire suficient, afecteaz\u0103 foliculii firelor de p\u0103r \u0219i \u00een cele din urm\u0103 frumuse\u021bea \u0219i s\u0103n\u0103tatea podoabei capilare.<\/p>\n<p>Totodat\u0103, firele de p\u0103r devin mai terne, mai pu\u021bin str\u0103lucitoare, p\u0103rul pierde din volum, turtit mereu sub \u0219apc\u0103 sau c\u0103ciul\u0103, astfel c\u0103 pare mai pu\u021bin \u0219i mai sub\u021bire. De aici s-a n\u0103scut \u0219i mitul conform c\u0103ruia \u00ee\u021bi cade p\u0103rul dac\u0103 por\u021bi p\u0103l\u0103rii, \u0219epci sau c\u0103ciuli, dar nu este dec\u00e2t un mit.<\/p>\n<p>\u00cen realitate, c\u0103ciulile sau \u0219apcile nu afecteaz\u0103 s\u0103n\u0103tatea firului de p\u0103r, dac\u0103 sunt f\u0103cute din materiale de calitate, care las\u0103 pielea s\u0103 respire \u0219i previn transpira\u021bia excesiv\u0103.<\/p>","protected":false},"excerpt":{"rendered":"<p>De foarte mul\u021bi ani, \u00een spa\u021biul public, circul\u0103 o informa\u021bie conform c\u0103reia \u00ee\u021bi cade p\u0103rul&hellip;<\/p>\n","protected":false},"author":0,"featured_media":33715,"comment_status":"open","ping_status":"open","sticky":false,"template":"","format":"standard","meta":{"footnotes":""},"categories":[8],"tags":[],"class_list":["post-33714","post","type-post","status-publish","format-standard","has-post-thumbnail","hentry","category-lifestyle"],"_links":{"self":[{"href":"https:\/\/247stiri.ro\/index.php\/wp-json\/wp\/v2\/posts\/33714","targetHints":{"allow":["GET"]}}],"collection":[{"href":"https:\/\/247stiri.ro\/index.php\/wp-json\/wp\/v2\/posts"}],"about":[{"href":"https:\/\/247stiri.ro\/index.php\/wp-json\/wp\/v2\/types\/post"}],"replies":[{"embeddable":true,"href":"https:\/\/247stiri.ro\/index.php\/wp-json\/wp\/v2\/comments?post=33714"}],"version-history":[{"count":0,"href":"https:\/\/247stiri.ro\/index.php\/wp-json\/wp\/v2\/posts\/33714\/revisions"}],"wp:featuredmedia":[{"embeddable":true,"href":"https:\/\/247stiri.ro\/index.php\/wp-json\/wp\/v2\/media\/33715"}],"wp:attachment":[{"href":"https:\/\/247stiri.ro\/index.php\/wp-json\/wp\/v2\/media?parent=33714"}],"wp:term":[{"taxonomy":"category","embeddable":true,"href":"https:\/\/247stiri.ro\/index.php\/wp-json\/wp\/v2\/categories?post=33714"},{"taxonomy":"post_tag","embeddable":true,"href":"https:\/\/247stiri.ro\/index.php\/wp-json\/wp\/v2\/tags?post=33714"}],"curies":[{"name":"wp","href":"https:\/\/api.w.org\/{rel}","templated":true}]}}