{"id":33718,"date":"2025-02-21T19:54:53","date_gmt":"2025-02-21T19:54:53","guid":{"rendered":"https:\/\/247stiri.ro\/index.php\/2025\/02\/21\/burduja-anunta-ca-facturile-la-energie-vor-ramane-plafonate-si-dupa-1-aprilie-guvernul-si-a-asumat-sa-ii-protejeze-pe-romani\/"},"modified":"2025-02-21T19:54:53","modified_gmt":"2025-02-21T19:54:53","slug":"burduja-anunta-ca-facturile-la-energie-vor-ramane-plafonate-si-dupa-1-aprilie-guvernul-si-a-asumat-sa-ii-protejeze-pe-romani","status":"publish","type":"post","link":"https:\/\/247stiri.ro\/index.php\/2025\/02\/21\/burduja-anunta-ca-facturile-la-energie-vor-ramane-plafonate-si-dupa-1-aprilie-guvernul-si-a-asumat-sa-ii-protejeze-pe-romani\/","title":{"rendered":"Burduja anun\u021b\u0103 c\u0103 facturile la energie vor r\u0103m\u00e2ne plafonate \u015fi dup\u0103 1 aprilie: \u201dGuvernul \u015fi-a asumat s\u0103 \u00eei protejeze pe rom\u00e2ni\u201d"},"content":{"rendered":"<p>\u201dA\u015fa cum am promis, am pus ast\u0103zi \u00een transparen\u0163\u0103 propunerea Ministerului Energiei privind schema de compensare-plafonare a pre\u0163urilor la energie electric\u0103 \u015fi gaze naturale. \u00cen fa\u0163a instabilit\u0103\u0163ii regionale, av\u00e2nd \u00een vedere cre\u015fterile semnificative de pre\u0163uri la energie pe pia\u0163a european\u0103, Guvernul Rom\u00e2niei \u015fi-a asumat s\u0103 \u00eei protejeze pe rom\u00e2ni \u015fi s\u0103 sus\u0163in\u0103 competitivitatea companiilor rom\u00e2ne\u015fti\u201d, a scris, vineri sear\u0103, pe Facebook, ministrul Energiei, Sebastian Burduja.<\/p>\n<p>Potrivit acestuia, pre\u0163ul la energie electric\u0103 \u015fi la gaze r\u0103m\u00e2ne \u00een acelea\u015fi condi\u0163ii de p\u00e2n\u0103 acum.<\/p>\n<p>\u201dLa energie electric\u0103, schema se prelunge\u015fte p\u00e2n\u0103 la 1 iulie, iar la gaze ea acoper\u0103 12 luni, p\u00e2n\u0103 la 1 aprilie 2026. Astfel, facilit\u0103m reumplerea depozitelor de gaz la costuri rezonabile pentru iarna urm\u0103toare\u201d, a mai transmis ministrul.<\/p>\n<p>Acesta anun\u0163\u0103 c\u0103 a propus \u201dm\u0103suri pentru cre\u015fterea lichidit\u0103\u0163ii pie\u0163ei prin facilitarea tranzac\u0163iilor \u00eentre produc\u0103tori \u015fi furnizori \u015fi o serie de m\u0103suri pentru cre\u015fterea transparen\u0163ei\u201d.<\/p>\n<p>\u201dToate acestea au scopul de a \u00eencuraja concuren\u0163a pe pia\u0163\u0103 \u015fi de reduce pre\u0163ul energiei. Mul\u0163umesc tuturor celor care au contribuit la acest act normativ complex. \u00cen aceste zile, a\u015ftept\u0103m propuneri de complet\u0103ri \u015fi modific\u0103ri, iar \u00een cel mai scurt timp vom aduce pe masa Guvernului aceast\u0103 ordonan\u0163\u0103 de urgen\u0163\u0103. Angajamentul nostru r\u0103m\u00e2ne acela\u015fi: s\u0103 nu l\u0103s\u0103m pe nimeni \u00een urm\u0103 \u015fi s\u0103 punem pe primul loc interesul cet\u0103\u0163enilor \u015fi al companiilor rom\u00e2ne\u015fti\u201d, a mai transmis ministrul Energiei.<\/p>","protected":false},"excerpt":{"rendered":"<p>\u201dA\u015fa cum am promis, am pus ast\u0103zi \u00een transparen\u0163\u0103 propunerea Ministerului Energiei privind schema de&hellip;<\/p>\n","protected":false},"author":0,"featured_media":33719,"comment_status":"open","ping_status":"open","sticky":false,"template":"","format":"standard","meta":{"footnotes":""},"categories":[2],"tags":[],"class_list":["post-33718","post","type-post","status-publish","format-standard","has-post-thumbnail","hentry","category-actual"],"_links":{"self":[{"href":"https:\/\/247stiri.ro\/index.php\/wp-json\/wp\/v2\/posts\/33718","targetHints":{"allow":["GET"]}}],"collection":[{"href":"https:\/\/247stiri.ro\/index.php\/wp-json\/wp\/v2\/posts"}],"about":[{"href":"https:\/\/247stiri.ro\/index.php\/wp-json\/wp\/v2\/types\/post"}],"replies":[{"embeddable":true,"href":"https:\/\/247stiri.ro\/index.php\/wp-json\/wp\/v2\/comments?post=33718"}],"version-history":[{"count":0,"href":"https:\/\/247stiri.ro\/index.php\/wp-json\/wp\/v2\/posts\/33718\/revisions"}],"wp:featuredmedia":[{"embeddable":true,"href":"https:\/\/247stiri.ro\/index.php\/wp-json\/wp\/v2\/media\/33719"}],"wp:attachment":[{"href":"https:\/\/247stiri.ro\/index.php\/wp-json\/wp\/v2\/media?parent=33718"}],"wp:term":[{"taxonomy":"category","embeddable":true,"href":"https:\/\/247stiri.ro\/index.php\/wp-json\/wp\/v2\/categories?post=33718"},{"taxonomy":"post_tag","embeddable":true,"href":"https:\/\/247stiri.ro\/index.php\/wp-json\/wp\/v2\/tags?post=33718"}],"curies":[{"name":"wp","href":"https:\/\/api.w.org\/{rel}","templated":true}]}}