{"id":33732,"date":"2025-02-21T20:44:53","date_gmt":"2025-02-21T20:44:53","guid":{"rendered":"https:\/\/247stiri.ro\/index.php\/2025\/02\/21\/sabotaj-in-apele-teritoriale-ale-unor-state-nato-regiunea-este-in-stare-de-alerta-iar-alianta-si-a-consolidat-prezenta\/"},"modified":"2025-02-21T20:44:53","modified_gmt":"2025-02-21T20:44:53","slug":"sabotaj-in-apele-teritoriale-ale-unor-state-nato-regiunea-este-in-stare-de-alerta-iar-alianta-si-a-consolidat-prezenta","status":"publish","type":"post","link":"https:\/\/247stiri.ro\/index.php\/2025\/02\/21\/sabotaj-in-apele-teritoriale-ale-unor-state-nato-regiunea-este-in-stare-de-alerta-iar-alianta-si-a-consolidat-prezenta\/","title":{"rendered":"Sabotaj \u00een apele teritoriale ale unor state NATO. Regiunea este \u00een stare de alert\u0103, iar alian\u0163a \u015fi-a consolidat prezen\u0163a"},"content":{"rendered":"<p>Poli\u0163ia suedez\u0103 \u015fi finlandez\u0103 investigheaz\u0103 un caz suspect de sabotare a unui cablu submarin de telecomunica\u0163ii \u00een Marea Baltic\u0103, iar paza de coast\u0103 suedez\u0103 a trimis o nav\u0103 \u00een zona \u00een care mai multe cabluri de pe fundul m\u0103rii au fost deteriorate \u00een ultimele luni.<\/p>\n<p>Operatorul finlandez Cinia a declarat vineri, 21 februarie, c\u0103 a detectat cu ceva timp \u00een urm\u0103 probleme pe leg\u0103tura sa de fibr\u0103 optic\u0103 C-Lion1, care leag\u0103 Finlanda \u015fi Germania, iar s\u0103pt\u0103m\u00e2na aceasta s-a confirmat c\u0103 respectivul cablu a fost deteriorat, chiar dac\u0103 traficul de date a continuat.<\/p>\n<p>O declara\u0163ie a Biroului Na\u0163ional de Investiga\u0163ii din Finlanda precizeaz\u0103 c\u0103 deteriorarea cablului a fost identificat\u0103 miercuri \u015fi c\u0103 o investiga\u0163ie preliminar\u0103 a fost lansat\u0103 \u00een ziua urm\u0103toare.<\/p>\n<p>Poli\u0163ia suedez\u0103 a declarat, la r\u00e2ndul ei, c\u0103 investigheaz\u0103, de asemenea, aceast\u0103 chestiune, deoarece bre\u015fa a avut loc \u00een zona economic\u0103 a Suediei, de\u015fi nu au fost identifica\u0163i suspec\u0163i.<\/p>\n<p>Incidentul de vineri marcheaz\u0103 a treia oar\u0103 \u00een ultimele luni c\u00e2nd cablul C-Lion1 al Cinia a fost deteriorat, dup\u0103 ce a fost complet sec\u0163ionat \u00een noiembrie \u015fi decembrie anul trecut.<\/p>\n<p>La 7 ianuarie, compania a declarat c\u0103 respectivul cablu este din nou pe deplin opera\u0163ional, dup\u0103 ce a doua ruptur\u0103 avusese loc la 26 decembrie.<\/p>\n<p>Regiunea M\u0103rii Baltice este \u00een stare de alert\u0103, iar alian\u0163a NATO \u015fi-a consolidat prezen\u0163a dup\u0103 o serie de avarii ale cablurilor electrice, de telecomunica\u0163ii \u015fi ale conductelor de gaze de c\u00e2nd Rusia a invadat Ucraina \u00een 2022. Majoritatea au fost cauzate de nave civile care \u015fi-au t\u00e2r\u00e2t ancorele.<\/p>\n<p>Unele incidente din Marea Baltic\u0103 au fost considerate accidentale, inclusiv t\u0103ierea, luna trecut\u0103, a unui alt cablu de telecomunica\u0163ii \u00een apele suedeze, \u00een timp ce alte cazuri sunt \u00eenc\u0103 anchetate de poli\u0163ie. P\u00e2n\u0103 \u00een prezent, nu au fost ini\u0163iate urm\u0103riri penale.<\/p>\n<p>Comisia European\u0103, ca r\u0103spuns la recenta serie de avarii, a declarat vineri c\u0103 va propune intensificarea monitoriz\u0103rii cablurilor submarine \u015fi crearea unei flote de nave disponibile pentru a efectua repara\u0163ii \u00een caz de urgen\u0163\u0103.<\/p>\n<p>Vicepre\u015fedinta Comisiei Europene, Henna Virkkunen, a declarat \u00eentr-o conferin\u0163\u0103 de pres\u0103 la Helsinki c\u0103, de\u015fi planul acoper\u0103 \u00eentreaga Europ\u0103, acesta ar include un hub la Marea Baltic\u0103 destinat s\u0103 detecteze eventualele incidente din zon\u0103 \u00eenainte ca acestea s\u0103 se produc\u0103.<\/p>\n<p>Vineri, paza de coast\u0103 suedez\u0103 a declarat c\u0103 a trimis o nav\u0103 pentru a ajuta la investigarea incidentului din largul insulei Gotland.<\/p>\n<p>Autoritatea suedez\u0103 de urm\u0103rire penal\u0103 a declarat c\u0103 nu a fost implicat\u0103 \u00een ancheta privind avaria cablului.<\/p>\n<p>Prim-ministrul Ulf Kristersson a precizat c\u0103 guvernul s\u0103u a fost informat \u015fi c\u0103 deteriorarea oric\u0103rei infrastructuri submarine este deosebit de \u00eengrijor\u0103toare \u00een contextul situa\u0163iei actuale de securitate.<\/p>","protected":false},"excerpt":{"rendered":"<p>Poli\u0163ia suedez\u0103 \u015fi finlandez\u0103 investigheaz\u0103 un caz suspect de sabotare a unui cablu submarin de&hellip;<\/p>\n","protected":false},"author":0,"featured_media":33728,"comment_status":"open","ping_status":"open","sticky":false,"template":"","format":"standard","meta":{"footnotes":""},"categories":[2],"tags":[],"class_list":["post-33732","post","type-post","status-publish","format-standard","has-post-thumbnail","hentry","category-actual"],"_links":{"self":[{"href":"https:\/\/247stiri.ro\/index.php\/wp-json\/wp\/v2\/posts\/33732","targetHints":{"allow":["GET"]}}],"collection":[{"href":"https:\/\/247stiri.ro\/index.php\/wp-json\/wp\/v2\/posts"}],"about":[{"href":"https:\/\/247stiri.ro\/index.php\/wp-json\/wp\/v2\/types\/post"}],"replies":[{"embeddable":true,"href":"https:\/\/247stiri.ro\/index.php\/wp-json\/wp\/v2\/comments?post=33732"}],"version-history":[{"count":0,"href":"https:\/\/247stiri.ro\/index.php\/wp-json\/wp\/v2\/posts\/33732\/revisions"}],"wp:featuredmedia":[{"embeddable":true,"href":"https:\/\/247stiri.ro\/index.php\/wp-json\/wp\/v2\/media\/33728"}],"wp:attachment":[{"href":"https:\/\/247stiri.ro\/index.php\/wp-json\/wp\/v2\/media?parent=33732"}],"wp:term":[{"taxonomy":"category","embeddable":true,"href":"https:\/\/247stiri.ro\/index.php\/wp-json\/wp\/v2\/categories?post=33732"},{"taxonomy":"post_tag","embeddable":true,"href":"https:\/\/247stiri.ro\/index.php\/wp-json\/wp\/v2\/tags?post=33732"}],"curies":[{"name":"wp","href":"https:\/\/api.w.org\/{rel}","templated":true}]}}