{"id":33735,"date":"2025-02-21T20:44:54","date_gmt":"2025-02-21T20:44:54","guid":{"rendered":"https:\/\/247stiri.ro\/index.php\/2025\/02\/21\/noua-materie-care-va-fi-introdusa-in-programa-pentru-liceu-ministrul-educatiei-a-facut-anuntul\/"},"modified":"2025-02-21T20:44:54","modified_gmt":"2025-02-21T20:44:54","slug":"noua-materie-care-va-fi-introdusa-in-programa-pentru-liceu-ministrul-educatiei-a-facut-anuntul","status":"publish","type":"post","link":"https:\/\/247stiri.ro\/index.php\/2025\/02\/21\/noua-materie-care-va-fi-introdusa-in-programa-pentru-liceu-ministrul-educatiei-a-facut-anuntul\/","title":{"rendered":"Noua materie care va fi introdus\u0103 \u00een programa pentru liceu. Ministrul Educa\u021biei a f\u0103cut anun\u021bul"},"content":{"rendered":"<p><a href=\"https:\/\/www.realitatea.net\/stiri\/actual\/ministrul-educatiei-explica-ce-ar-trebui-sai-motiveze-pe-elevi-sa-mearga-la-scoala_67b8cea50162624cfd3ae0f2\" target=\"_blank\">Daniel David<\/a> a subliniat c\u0103 s-a ajuns la concluzia c\u0103 modelul actual nu mai poate continua \u0219i c\u0103 al\u0103turi de Geografia Rom\u00e2niei, \u00een programa pentru liceu, vor fi introduse ca materii distincte Istoria Rom\u00e2niei \u0219i gramatica.\u00a0<\/p>\n<p>\u201dNe-am pus de acord asupra faptului ca\u0306 modelul actual nu mai poate continua, astfel ca\u0306 vom avea unul nou, i\u0302n care, dupa\u0306 mult\u0326i ani de absent\u0326a\u0306, vom readuce s\u0326i Geografia Roma\u0302niei ca disciplina\u0306 distincta\u0306, element care, ala\u0306turi de reintroducerea Istoriei Roma\u0302nilor\/Roma\u0302niei s\u0326i a gramaticii, va i\u0302nta\u0306ri astfel s\u0326i componenta de cultura\u0306 nat\u0326ionala\u0306 i\u0302n formarea elevilor\u201d, a scris ministrul Educa\u021biei, pe Facebook.<\/p>\n<p>De asemena, oficialul a men\u021bionat c\u0103 pe l\u00e2ng\u0103 introducerea noii discipline, vor fi incluse noi unita\u0306t\u0326i de i\u0302nva\u0306t\u0326are despre geologie.<\/p>\n<p>Mai mult, Daniel David a \u021binut s\u0103 precizeze faptul c\u0103 specialis\u0326tii din domeniu s\u0326i-au exprimat disponibilitatea de a contribui activ la revizuirea noilor programe s\u0326i a manualelor pentru a le face mai eficiente, atractive s\u0326i relevante pentru tineri.<\/p>","protected":false},"excerpt":{"rendered":"<p>Daniel David a subliniat c\u0103 s-a ajuns la concluzia c\u0103 modelul actual nu mai poate&hellip;<\/p>\n","protected":false},"author":0,"featured_media":33736,"comment_status":"open","ping_status":"open","sticky":false,"template":"","format":"standard","meta":{"footnotes":""},"categories":[2],"tags":[],"class_list":["post-33735","post","type-post","status-publish","format-standard","has-post-thumbnail","hentry","category-actual"],"_links":{"self":[{"href":"https:\/\/247stiri.ro\/index.php\/wp-json\/wp\/v2\/posts\/33735","targetHints":{"allow":["GET"]}}],"collection":[{"href":"https:\/\/247stiri.ro\/index.php\/wp-json\/wp\/v2\/posts"}],"about":[{"href":"https:\/\/247stiri.ro\/index.php\/wp-json\/wp\/v2\/types\/post"}],"replies":[{"embeddable":true,"href":"https:\/\/247stiri.ro\/index.php\/wp-json\/wp\/v2\/comments?post=33735"}],"version-history":[{"count":0,"href":"https:\/\/247stiri.ro\/index.php\/wp-json\/wp\/v2\/posts\/33735\/revisions"}],"wp:featuredmedia":[{"embeddable":true,"href":"https:\/\/247stiri.ro\/index.php\/wp-json\/wp\/v2\/media\/33736"}],"wp:attachment":[{"href":"https:\/\/247stiri.ro\/index.php\/wp-json\/wp\/v2\/media?parent=33735"}],"wp:term":[{"taxonomy":"category","embeddable":true,"href":"https:\/\/247stiri.ro\/index.php\/wp-json\/wp\/v2\/categories?post=33735"},{"taxonomy":"post_tag","embeddable":true,"href":"https:\/\/247stiri.ro\/index.php\/wp-json\/wp\/v2\/tags?post=33735"}],"curies":[{"name":"wp","href":"https:\/\/api.w.org\/{rel}","templated":true}]}}