{"id":33798,"date":"2025-02-22T07:45:55","date_gmt":"2025-02-22T07:45:55","guid":{"rendered":"https:\/\/247stiri.ro\/index.php\/2025\/02\/22\/ce-trebuie-sa-faci-neaparat-astazi-in-sambata-mortilor-sau-mosii-de-iarna-toti-crestinii-trebuie-sa-stie-asta-obiceiul-care-trebuie-pastrat-cu-sfintenie-ce-se-poate-intampla-in-caz-contrar\/"},"modified":"2025-02-22T07:45:55","modified_gmt":"2025-02-22T07:45:55","slug":"ce-trebuie-sa-faci-neaparat-astazi-in-sambata-mortilor-sau-mosii-de-iarna-toti-crestinii-trebuie-sa-stie-asta-obiceiul-care-trebuie-pastrat-cu-sfintenie-ce-se-poate-intampla-in-caz-contrar","status":"publish","type":"post","link":"https:\/\/247stiri.ro\/index.php\/2025\/02\/22\/ce-trebuie-sa-faci-neaparat-astazi-in-sambata-mortilor-sau-mosii-de-iarna-toti-crestinii-trebuie-sa-stie-asta-obiceiul-care-trebuie-pastrat-cu-sfintenie-ce-se-poate-intampla-in-caz-contrar\/","title":{"rendered":"Ce trebuie s\u0103 faci neap\u0103rat ast\u0103zi, \u00een S\u00e2mb\u0103ta Mor\u021bilor sau Mo\u0219ii de Iarn\u0103. To\u021bi cre\u0219tinii trebuie s\u0103 \u0219tie asta. Obiceiul care trebuie p\u0103strat cu sfin\u021benie. Ce se poate \u00eent\u00e2mpla \u00een caz contrar"},"content":{"rendered":"<p>Mo\u0219ii de Iarn\u0103 sunt \u00een 2025 pe 22 februarie<\/p>\n<p>\u00cen 2025, Mo\u0219ii de Iarn\u0103 sunt pr\u0103znui\u021bi pe 22 februarie, \u00een s\u00e2mb\u0103ta dinaintea Duminicii \u00cenfrico\u0219\u0103toarei Judec\u0103\u021bi. Aceasta este o zi special\u0103 dedicat\u0103 pomenirii sufletelor celor r\u0103posa\u021bi, un moment important \u00een calendarul cre\u0219tin ortodox.<\/p>\n<p>Tradi\u021bia spune c\u0103 \u00een S\u00e2mb\u0103ta Mor\u021bilor se fac slujbe de pomenire \u00een biserici, iar credincio\u0219ii aduc coliv\u0103, colaci, vin \u0219i alte ofrande, pe care le ofer\u0103 spre pomenirea rudelor r\u0103posate.<\/p>\n<p>Mo\u0219ii de Iarn\u0103 marcheaz\u0103 \u00eenceputul celor \u0219apte s\u00e2mbete ale mor\u021bilor, perioad\u0103 de rug\u0103ciune \u0219i milostenie.<\/p>\n<p><a href=\"https:\/\/www.realitatea.net\/stiri\/actual\/rugaciune-pentru-mantuirea-celor-adormiti-se-rosteste-in-sambata-mortilor_67b83ebb07fd4020c8102e42\" target=\"_blank\">Rug\u0103ciune pentru m\u00e2ntuirea celor adormi\u021bi. Se roste\u0219te \u00een S\u00e2mb\u0103ta Mor\u021bilor sau Mo\u0219ii de iarn\u0103, pe 22 februarie 2025<\/a>Ce e bine s\u0103 faci de Mo\u0219ii de Iarn\u0103<\/p>\n<p>\u00cen aceast\u0103 zi sf\u00e2nt\u0103, cre\u0219tinii respect\u0103 mai multe tradi\u021bii \u0219i obiceiuri pentru a cinsti memoria celor dragi pleca\u021bi dintre noi:<\/p>\n<p>\u00a0Merg la biseric\u0103 pentru a participa la slujba de pomenire \u0219i pentru a da de poman\u0103. Se citesc pomelnice cu numele celor adormi\u021bi, iar preo\u021bii binecuv\u00e2nteaz\u0103 darurile oferite.<\/p>\n<p>Aprind lum\u00e2n\u0103ri \u0219i se roag\u0103 pentru sufletele celor r\u0103posa\u021bi, pentru iertarea p\u0103catelor acestora \u0219i odihna lor \u00een pace.<\/p>\n<p>\u00cempart alimente c\u0103tre rude, vecini sau persoane nevoia\u0219e, spun\u00e2nd \u201eDumnezeu s\u0103-i ierte!\u201d\u00a0atunci c\u00e2nd ofer\u0103 darurile.<\/p>\n<p>Evit\u0103 certurile \u0219i sup\u0103r\u0103rile, pentru c\u0103 se spune c\u0103 spiritele celor adormi\u021bi sunt nelini\u0219tite dac\u0103 exist\u0103 tensiuni \u00een familie \u00een aceast\u0103 zi.<\/p>\n<p>Fac fapte bune, precum dona\u021bii sau ajutor pentru cei afla\u021bi \u00een nevoie, pentru a aduce lini\u0219te sufletelor celor pleca\u021bi.<\/p>\n<p><a href=\"https:\/\/www.realitatea.net\/stiri\/actual\/care-sunt-preparatele-traditionale-pe-care-trebuie-sa-le-gatesti-sambata-22-februarie-cand-sunt-de-mosii-de-iarna_67b6d7bf216e7032300a80e9\" target=\"_blank\">Care sunt preparatele tradi\u021bionale pe care trebuie s\u0103 le g\u0103te\u0219ti s\u00e2mb\u0103t\u0103, 22 februarie 2025, c\u00e2nd sunt de Mo\u0219ii de iarn\u0103<\/a>Ce nu este bine s\u0103 faci de Mo\u0219ii de Iarn\u0103. Supersti\u021bii<\/p>\n<p>\u00cen popor, exist\u0103 \u0219i unele supersti\u021bii legate de Mo\u0219ii de Iarn\u0103. Se spune c\u0103 nu este bine s\u0103 lucrezi, s\u0103 speli, s\u0103 co\u0219i, s\u0103 m\u0103turi sau s\u0103 faci treburi grele, pentru c\u0103 aceste activit\u0103\u021bi pot \u00eempiedica sufletele celor pleca\u021bi s\u0103 primeasc\u0103 rug\u0103ciunile \u0219i pomenirea lor.\u00a0<\/p>\n<p>Se crede, de asemenea, c\u0103 \u00een aceast\u0103 zi nu este bine s\u0103 treci printr-o r\u0103scruce de drumuri sau s\u0103 mergi la f\u00e2nt\u00e2n\u0103, deoarece acestea sunt considerate locuri p\u0103zite de duhuri necurate.<\/p>\n<p>Totodat\u0103, se spune c\u0103 \u00een a doua zi nu este bine s\u0103 mai m\u0103n\u00e2nci din poman\u0103. \u00cen plus, nu este recomandat s\u0103 refuzi pe cineva care cere de poman\u0103 \u0219i nici s\u0103 d\u0103ruie\u0219ti obiecte vechi sau stricate de Mo\u0219ii de Iarn\u0103.<\/p>\n<p><a href=\"https:\/\/www.realitatea.net\/stiri\/actual\/sarbatoarea-zilei-22-februarie-2025-aflarea-moastelor-sfintilor-mucenici-din-evghenia-mosii-de-iarna-sambata-celor-adormiti_67b966745150ff048d49af03\" target=\"_blank\">S\u0103rb\u0103toarea zilei 22 februarie 2025: Aflarea moa\u0219telor sfin\u021bilor mucenici din Evghenia. Mo\u0219ii de iarn\u0103 &#8211; S\u00e2mbata celor adormiti<\/a><\/p>","protected":false},"excerpt":{"rendered":"<p>Mo\u0219ii de Iarn\u0103 sunt \u00een 2025 pe 22 februarie \u00cen 2025, Mo\u0219ii de Iarn\u0103 sunt&hellip;<\/p>\n","protected":false},"author":0,"featured_media":33784,"comment_status":"open","ping_status":"open","sticky":false,"template":"","format":"standard","meta":{"footnotes":""},"categories":[2],"tags":[],"class_list":["post-33798","post","type-post","status-publish","format-standard","has-post-thumbnail","hentry","category-actual"],"_links":{"self":[{"href":"https:\/\/247stiri.ro\/index.php\/wp-json\/wp\/v2\/posts\/33798","targetHints":{"allow":["GET"]}}],"collection":[{"href":"https:\/\/247stiri.ro\/index.php\/wp-json\/wp\/v2\/posts"}],"about":[{"href":"https:\/\/247stiri.ro\/index.php\/wp-json\/wp\/v2\/types\/post"}],"replies":[{"embeddable":true,"href":"https:\/\/247stiri.ro\/index.php\/wp-json\/wp\/v2\/comments?post=33798"}],"version-history":[{"count":0,"href":"https:\/\/247stiri.ro\/index.php\/wp-json\/wp\/v2\/posts\/33798\/revisions"}],"wp:featuredmedia":[{"embeddable":true,"href":"https:\/\/247stiri.ro\/index.php\/wp-json\/wp\/v2\/media\/33784"}],"wp:attachment":[{"href":"https:\/\/247stiri.ro\/index.php\/wp-json\/wp\/v2\/media?parent=33798"}],"wp:term":[{"taxonomy":"category","embeddable":true,"href":"https:\/\/247stiri.ro\/index.php\/wp-json\/wp\/v2\/categories?post=33798"},{"taxonomy":"post_tag","embeddable":true,"href":"https:\/\/247stiri.ro\/index.php\/wp-json\/wp\/v2\/tags?post=33798"}],"curies":[{"name":"wp","href":"https:\/\/api.w.org\/{rel}","templated":true}]}}