{"id":33799,"date":"2025-02-22T07:45:55","date_gmt":"2025-02-22T07:45:55","guid":{"rendered":"https:\/\/247stiri.ro\/index.php\/2025\/02\/22\/europa-tensionata-din-cauza-viitoarelor-investitii-in-aparare-liderii-statelor-europene-pregatiti-sa-urmeze-sfaturile-lui-trump\/"},"modified":"2025-02-22T07:45:55","modified_gmt":"2025-02-22T07:45:55","slug":"europa-tensionata-din-cauza-viitoarelor-investitii-in-aparare-liderii-statelor-europene-pregatiti-sa-urmeze-sfaturile-lui-trump","status":"publish","type":"post","link":"https:\/\/247stiri.ro\/index.php\/2025\/02\/22\/europa-tensionata-din-cauza-viitoarelor-investitii-in-aparare-liderii-statelor-europene-pregatiti-sa-urmeze-sfaturile-lui-trump\/","title":{"rendered":"Europa, tensionat\u0103 din cauza viitoarelor investi\u021bii \u00een ap\u0103rare. Liderii statelor europene, preg\u0103ti\u021bi s\u0103 urmeze sfaturile lui Trump"},"content":{"rendered":"<p>Suma respectiv\u0103, echivalent\u0103 cu 1,5% din produsul intern brut al Uniunii Europene i-ar permite Europei s\u0103 mobilizeze aproximativ 300 de mii de solda\u021bi pentru a se ap\u0103ra \u00eempotriva Rusiei, arat\u0103 un studiu realizat de Institutul Bruegel \u0219i Kiel.<\/p>\n<p>Majoritatea statelor europene au intrat \u00een tensiune dup\u0103 ce Donald Trump a cerut sporirea capabilit\u0103\u021bilor militare \u0219i investi\u021bii mai mari \u00een ap\u0103rare.<\/p>\n<p>Europa ar avea nevoie de 1400 de noi tancuri \u0219i de 2000 de vehicule pentru infanterie, num\u0103r care ar dep\u0103\u0219i stocurile actuale ale tuturor for\u021belor terestre germane, franceze, italiene \u0219i britanice.<\/p>\n<p>Conservatorul german Friedrich Merz a spus c\u0103 are dubii despre viitoarea prezen\u021b\u0103 a SUA \u00een cadrul NATO, \u00een timp ce consilierul pentru securitate na\u021bional\u0103 din SUA le-a dat \u021b\u0103rilor NATO termen p\u00e2n\u0103 \u00een iunie pentru a atinge integral \u021binta de 2% din PIB reprezent\u00e2nd cheltuieli pentru ap\u0103rare.<\/p>\n<p>Studiul realizat de institutul Bruegel \u0219i institutul Kiel sugereaz\u0103 o cre\u0219tere a bugetului ap\u0103r\u0103rii la 4% din PIB pe an, fa\u021b\u0103 de 2% \u00een prezent. Jum\u0103tate din acesta ar putea fi finan\u021bat prin datorie comun\u0103 european\u0103, spun autorii.<\/p>","protected":false},"excerpt":{"rendered":"<p>Suma respectiv\u0103, echivalent\u0103 cu 1,5% din produsul intern brut al Uniunii Europene i-ar permite Europei&hellip;<\/p>\n","protected":false},"author":0,"featured_media":33800,"comment_status":"open","ping_status":"open","sticky":false,"template":"","format":"standard","meta":{"footnotes":""},"categories":[2],"tags":[],"class_list":["post-33799","post","type-post","status-publish","format-standard","has-post-thumbnail","hentry","category-actual"],"_links":{"self":[{"href":"https:\/\/247stiri.ro\/index.php\/wp-json\/wp\/v2\/posts\/33799","targetHints":{"allow":["GET"]}}],"collection":[{"href":"https:\/\/247stiri.ro\/index.php\/wp-json\/wp\/v2\/posts"}],"about":[{"href":"https:\/\/247stiri.ro\/index.php\/wp-json\/wp\/v2\/types\/post"}],"replies":[{"embeddable":true,"href":"https:\/\/247stiri.ro\/index.php\/wp-json\/wp\/v2\/comments?post=33799"}],"version-history":[{"count":0,"href":"https:\/\/247stiri.ro\/index.php\/wp-json\/wp\/v2\/posts\/33799\/revisions"}],"wp:featuredmedia":[{"embeddable":true,"href":"https:\/\/247stiri.ro\/index.php\/wp-json\/wp\/v2\/media\/33800"}],"wp:attachment":[{"href":"https:\/\/247stiri.ro\/index.php\/wp-json\/wp\/v2\/media?parent=33799"}],"wp:term":[{"taxonomy":"category","embeddable":true,"href":"https:\/\/247stiri.ro\/index.php\/wp-json\/wp\/v2\/categories?post=33799"},{"taxonomy":"post_tag","embeddable":true,"href":"https:\/\/247stiri.ro\/index.php\/wp-json\/wp\/v2\/tags?post=33799"}],"curies":[{"name":"wp","href":"https:\/\/api.w.org\/{rel}","templated":true}]}}