{"id":33809,"date":"2025-02-22T08:46:45","date_gmt":"2025-02-22T08:46:45","guid":{"rendered":"https:\/\/247stiri.ro\/index.php\/2025\/02\/22\/donald-trump-rastoarna-ierarhia-militara-a-sua-il-demite-pe-seful-statului-major-intrunit-c-q-brown\/"},"modified":"2025-02-22T08:46:45","modified_gmt":"2025-02-22T08:46:45","slug":"donald-trump-rastoarna-ierarhia-militara-a-sua-il-demite-pe-seful-statului-major-intrunit-c-q-brown","status":"publish","type":"post","link":"https:\/\/247stiri.ro\/index.php\/2025\/02\/22\/donald-trump-rastoarna-ierarhia-militara-a-sua-il-demite-pe-seful-statului-major-intrunit-c-q-brown\/","title":{"rendered":"Donald Trump r\u0103stoarn\u0103 ierarhia militar\u0103 a SUA: \u00eel demite pe \u0219eful Statului Major \u00centrunit, C.Q. Brown"},"content":{"rendered":"<p>Trump a declarat, \u00eentr-o postare pe Truth Social, c\u0103 \u00eel va nominaliza pe generalul locotenent \u00een retragere Dan \u201eRazin\u201d Caine pentru a-i succeda lui Brown. Trump va \u00eenlocui, de asemenea, \u015feful Marinei americane, func\u0163ie de\u0163inut\u0103 de amiralul Lisa Franchetti, prima femeie care a condus un serviciu militar, precum \u015fi pe adjunctul \u015fefului Statului Major al For\u0163elor Aeriene \u015fi pe judec\u0103torii militari pentru Armat\u0103, Marin\u0103 \u015fi For\u0163ele Aeriene, a precizat Pentagonul.<\/p>\n<p>Decizia lui Trump declan\u015feaz\u0103 o perioad\u0103 de convulsii la Pentagon, care se preg\u0103tea deja pentru concedieri masive de personal civil, o revizuire dramatic\u0103 a bugetului s\u0103u \u015fi o schimbare \u00een desf\u0103\u015fur\u0103rile militare \u00een cadrul noii politici externe \u201eAmerica First\u201d a lui Trump.\u00a0<\/p>\n<p>\u00cen timp ce conducerea civil\u0103 a Pentagonului se schimb\u0103 de la o administra\u0163ie la alta, militarii for\u0163elor armate ale SUA sunt meni\u0163i s\u0103 fie apolitici, pun\u00e2nd \u00een aplicare politicile administra\u0163iilor democrate \u015fi republicane. Brown, al doilea ofi\u0163er de culoare care devine cel mai important consilier militar \u00een uniform\u0103 al pre\u015fedintelui, urma s\u0103 \u00ee\u015fi \u00eencheie mandatul de patru ani \u00een septembrie 2027.\u00a0<\/p>\n<p>Un oficial american a declarat c\u0103 Brown a fost eliberat din func\u0163ie cu efect imediat, \u00eenainte ca Senatul s\u0103 \u00eei confirme succesorul. \u00cen noiembrie, Reuters a fost prima care a raportat c\u0103 viitoarea administra\u0163ie Trump pl\u0103nuia o schimbare radical\u0103 a cadrelor superioare, cu concedieri, inclusiv a lui Brown. Trump nu a explicat decizia sa de a-l \u00eenlocui pe Brown.\u00a0<\/p>\n<p>\u201eVreau s\u0103-i mul\u0163umesc generalului Charles &#8216;CQ&#8217; Brown pentru cei peste 40 de ani de servicii aduse \u0163\u0103rii noastre, inclusiv \u00een calitate de actual pre\u015fedinte al Statului Major \u00centrunit. Este un gentleman rafinat \u015fi un lider remarcabil \u015fi \u00eei doresc un viitor m\u0103re\u0163 pentru el \u015fi familia sa\u201d, a scris Trump.\u00a0<\/p>\n<p>Brown, un fost pilot de v\u00e2n\u0103toare cu experien\u0163\u0103 de comand\u0103 \u00een Orientul Mijlociu \u015fi Asia, a povestit experien\u0163ele sale de discriminare \u00een armat\u0103 \u00eentr-un videoclip emo\u0163ionant postat online dup\u0103 uciderea lui George Floyd \u00een 2020, care a declan\u015fat proteste la nivel na\u0163ional pentru justi\u0163ie rasial\u0103.<\/p>\n<p>\u00a0<\/p>","protected":false},"excerpt":{"rendered":"<p>Trump a declarat, \u00eentr-o postare pe Truth Social, c\u0103 \u00eel va nominaliza pe generalul locotenent&hellip;<\/p>\n","protected":false},"author":0,"featured_media":33810,"comment_status":"open","ping_status":"open","sticky":false,"template":"","format":"standard","meta":{"footnotes":""},"categories":[4],"tags":[],"class_list":["post-33809","post","type-post","status-publish","format-standard","has-post-thumbnail","hentry","category-extern"],"_links":{"self":[{"href":"https:\/\/247stiri.ro\/index.php\/wp-json\/wp\/v2\/posts\/33809","targetHints":{"allow":["GET"]}}],"collection":[{"href":"https:\/\/247stiri.ro\/index.php\/wp-json\/wp\/v2\/posts"}],"about":[{"href":"https:\/\/247stiri.ro\/index.php\/wp-json\/wp\/v2\/types\/post"}],"replies":[{"embeddable":true,"href":"https:\/\/247stiri.ro\/index.php\/wp-json\/wp\/v2\/comments?post=33809"}],"version-history":[{"count":0,"href":"https:\/\/247stiri.ro\/index.php\/wp-json\/wp\/v2\/posts\/33809\/revisions"}],"wp:featuredmedia":[{"embeddable":true,"href":"https:\/\/247stiri.ro\/index.php\/wp-json\/wp\/v2\/media\/33810"}],"wp:attachment":[{"href":"https:\/\/247stiri.ro\/index.php\/wp-json\/wp\/v2\/media?parent=33809"}],"wp:term":[{"taxonomy":"category","embeddable":true,"href":"https:\/\/247stiri.ro\/index.php\/wp-json\/wp\/v2\/categories?post=33809"},{"taxonomy":"post_tag","embeddable":true,"href":"https:\/\/247stiri.ro\/index.php\/wp-json\/wp\/v2\/tags?post=33809"}],"curies":[{"name":"wp","href":"https:\/\/api.w.org\/{rel}","templated":true}]}}