{"id":33815,"date":"2025-02-22T08:46:47","date_gmt":"2025-02-22T08:46:47","guid":{"rendered":"https:\/\/247stiri.ro\/index.php\/2025\/02\/22\/abuzurile-ministrului-predoiu-controale-masive-in-trafic-la-autocarele-cu-protestatari-video\/"},"modified":"2025-02-22T08:46:47","modified_gmt":"2025-02-22T08:46:47","slug":"abuzurile-ministrului-predoiu-controale-masive-in-trafic-la-autocarele-cu-protestatari-video","status":"publish","type":"post","link":"https:\/\/247stiri.ro\/index.php\/2025\/02\/22\/abuzurile-ministrului-predoiu-controale-masive-in-trafic-la-autocarele-cu-protestatari-video\/","title":{"rendered":"Abuzurile ministrului Predoiu: controale masive \u00een trafic la autocarele cu protestatari &#8211; VIDEO"},"content":{"rendered":"<p>Poli\u021bia din Ia\u0219i a oprit autocarele protestatarilor care se \u00eendreapt\u0103 spre Capital\u0103, pentru protestul organizat ast\u0103zi \u00een Pia\u021ba Constitu\u021biei, la nici 500 de m de la plecarea din Ia\u0219i.<\/p>\n<p>\u201eVerificarea mili\u021bianului Predoiu. Uita\u021bi Rom\u00e2nia 2025. Noi nu cobor\u00e2m la bagaje, ne pot pune ceva \u00een bagaje. Ne-au oprit ca s\u0103 ne pun\u0103 ceva \u00een bagaje.\u00a0 Ne trezim la intrarea \u00een Bucure\u0219ti c\u0103 avem ceva \u00een bagaje.\u201d, a declarat cet\u0103\u021beanul care a filmat abuzul poli\u021biei ie\u0219ene.<\/p>\n<p>Acum cinci ore controale \u00eempotriva oamenilor care vin la Bucure\u0219ti s\u0103-l sus\u021bin\u0103 pe Pre\u0219edintele Rom\u00e2niei, C\u0103lin Georgescu ale mili\u021biei supus\u0103 ordinelor date de infractorii Bolojan-Ciolacu-Predoiu paia\u021bele re\u021belei teroriste Soros din Rom\u00e2nia <a href=\"https:\/\/t.co\/SZIUZnJCxl\">pic.twitter.com\/SZIUZnJCxl<\/a><\/p>\n<p>\u2014 USRneoficial\/r\u0103zbunare (@USRneoficial2) <a href=\"https:\/\/twitter.com\/USRneoficial2\/status\/1893196008902844441?ref_src=twsrc%5Etfw\">February 22, 2025<\/a><\/p>","protected":false},"excerpt":{"rendered":"<p>Poli\u021bia din Ia\u0219i a oprit autocarele protestatarilor care se \u00eendreapt\u0103 spre Capital\u0103, pentru protestul organizat&hellip;<\/p>\n","protected":false},"author":0,"featured_media":33816,"comment_status":"open","ping_status":"open","sticky":false,"template":"","format":"standard","meta":{"footnotes":""},"categories":[2],"tags":[],"class_list":["post-33815","post","type-post","status-publish","format-standard","has-post-thumbnail","hentry","category-actual"],"_links":{"self":[{"href":"https:\/\/247stiri.ro\/index.php\/wp-json\/wp\/v2\/posts\/33815","targetHints":{"allow":["GET"]}}],"collection":[{"href":"https:\/\/247stiri.ro\/index.php\/wp-json\/wp\/v2\/posts"}],"about":[{"href":"https:\/\/247stiri.ro\/index.php\/wp-json\/wp\/v2\/types\/post"}],"replies":[{"embeddable":true,"href":"https:\/\/247stiri.ro\/index.php\/wp-json\/wp\/v2\/comments?post=33815"}],"version-history":[{"count":0,"href":"https:\/\/247stiri.ro\/index.php\/wp-json\/wp\/v2\/posts\/33815\/revisions"}],"wp:featuredmedia":[{"embeddable":true,"href":"https:\/\/247stiri.ro\/index.php\/wp-json\/wp\/v2\/media\/33816"}],"wp:attachment":[{"href":"https:\/\/247stiri.ro\/index.php\/wp-json\/wp\/v2\/media?parent=33815"}],"wp:term":[{"taxonomy":"category","embeddable":true,"href":"https:\/\/247stiri.ro\/index.php\/wp-json\/wp\/v2\/categories?post=33815"},{"taxonomy":"post_tag","embeddable":true,"href":"https:\/\/247stiri.ro\/index.php\/wp-json\/wp\/v2\/tags?post=33815"}],"curies":[{"name":"wp","href":"https:\/\/api.w.org\/{rel}","templated":true}]}}