{"id":33817,"date":"2025-02-22T08:46:48","date_gmt":"2025-02-22T08:46:48","guid":{"rendered":"https:\/\/247stiri.ro\/index.php\/2025\/02\/22\/accident-grav-in-iasi-un-copil-de-14-ani-a-murit-si-trei-persoane-au-fost-ranite-dupa-ce-masina-s-a-rasturnat\/"},"modified":"2025-02-22T08:46:48","modified_gmt":"2025-02-22T08:46:48","slug":"accident-grav-in-iasi-un-copil-de-14-ani-a-murit-si-trei-persoane-au-fost-ranite-dupa-ce-masina-s-a-rasturnat","status":"publish","type":"post","link":"https:\/\/247stiri.ro\/index.php\/2025\/02\/22\/accident-grav-in-iasi-un-copil-de-14-ani-a-murit-si-trei-persoane-au-fost-ranite-dupa-ce-masina-s-a-rasturnat\/","title":{"rendered":"Accident grav \u00een Ia\u0219i: un copil de 14 ani a murit \u015fi trei persoane au fost r\u0103nite, dup\u0103 ce ma\u0219ina s-a r\u0103sturnat"},"content":{"rendered":"<p>\u201d\u00cen data de 22 februarie a. c., \u00een jurul orei 02.15, \u00een Dispeceratul Integrat ISU &#8211; SMURD &#8211; SAJ Ia\u015fi a fost anun\u0163at despre producerea unui accident rutier, unde unde un autoturism s-a r\u0103sturnat \u00eenafara p\u0103r\u0163ii carosabile, pe DN24, \u00een zona localit\u0103\u0163ii Carlig,\u00a0 comuna Popricani, jude\u0163ul Ia\u015fi. La sosirea for\u0163elor de interven\u0163ie la locul evenimentului rutier se afla un autoturism r\u0103sturnat, \u00een care erau implicate 4 persoane, din care 2 victime erau \u00eencarcerate\u201d, a transmis, s\u00e2mb\u0103t\u0103, ISU Ia\u015fi.<\/p>\n<p>Dup\u0103 descarcerarea victimelor, acestea au fost preluate de c\u0103tre echipajele medicale sosite la locul evenimentului.<\/p>\n<p>\u201dPentru una dintre victime a fost ini\u0163iat protocolul de resuscitare, din p\u0103cate acesta nu a r\u0103spuns manevrelor de resuscitare \u015fi a fost declarat\u0103 decedat\u0103. Celelalte trei victime au fost transportate la spital. Cazul a r\u0103mas \u00een aten\u0163ia autorit\u0103\u0163ilor pentru cercet\u0103ri\u201d, a mai transmis sursa citat\u0103.<\/p>\n<p>IPJ Ia\u015fi a precizat c\u0103 un b\u0103rbat, de 40 de ani, \u00een timp ce conducea un autoturism, pe DN 24, ar fi pierdut controlul asupra direc\u0163iei de deplasare \u015fi ar fi p\u0103truns pe sensul opus, unde ar fi intrat \u00een coliziune cu un cap de pod \u015fi s-ar fi r\u0103sturnat.<\/p>\n<p>\u201d\u00cen urma accidentului, trei persoane au fost r\u0103nite, iar un minor, de 14 ani, a decedat. \u015eoferul nu a putut fi testat cu aparatul alcooltest, fiindu-i prelevate mostre biologice de s\u00e2nge \u015fi urin\u0103\u201d, a transmis Ipj Ia\u015fi.<\/p>\n<p>\u00cen cauz\u0103 a fost \u00eentocmit dosar penal sub aspectul s\u0103v\u00e2r\u015firii infrac\u0163iunilor de v\u0103t\u0103mare corporal\u0103 din culp\u0103 \u015fi ucidere din culp\u0103.<\/p>","protected":false},"excerpt":{"rendered":"<p>\u201d\u00cen data de 22 februarie a. c., \u00een jurul orei 02.15, \u00een Dispeceratul Integrat ISU&hellip;<\/p>\n","protected":false},"author":0,"featured_media":33818,"comment_status":"open","ping_status":"open","sticky":false,"template":"","format":"standard","meta":{"footnotes":""},"categories":[2],"tags":[],"class_list":["post-33817","post","type-post","status-publish","format-standard","has-post-thumbnail","hentry","category-actual"],"_links":{"self":[{"href":"https:\/\/247stiri.ro\/index.php\/wp-json\/wp\/v2\/posts\/33817","targetHints":{"allow":["GET"]}}],"collection":[{"href":"https:\/\/247stiri.ro\/index.php\/wp-json\/wp\/v2\/posts"}],"about":[{"href":"https:\/\/247stiri.ro\/index.php\/wp-json\/wp\/v2\/types\/post"}],"replies":[{"embeddable":true,"href":"https:\/\/247stiri.ro\/index.php\/wp-json\/wp\/v2\/comments?post=33817"}],"version-history":[{"count":0,"href":"https:\/\/247stiri.ro\/index.php\/wp-json\/wp\/v2\/posts\/33817\/revisions"}],"wp:featuredmedia":[{"embeddable":true,"href":"https:\/\/247stiri.ro\/index.php\/wp-json\/wp\/v2\/media\/33818"}],"wp:attachment":[{"href":"https:\/\/247stiri.ro\/index.php\/wp-json\/wp\/v2\/media?parent=33817"}],"wp:term":[{"taxonomy":"category","embeddable":true,"href":"https:\/\/247stiri.ro\/index.php\/wp-json\/wp\/v2\/categories?post=33817"},{"taxonomy":"post_tag","embeddable":true,"href":"https:\/\/247stiri.ro\/index.php\/wp-json\/wp\/v2\/tags?post=33817"}],"curies":[{"name":"wp","href":"https:\/\/api.w.org\/{rel}","templated":true}]}}