{"id":33825,"date":"2025-02-22T08:46:50","date_gmt":"2025-02-22T08:46:50","guid":{"rendered":"https:\/\/247stiri.ro\/index.php\/2025\/02\/22\/zile-de-foc-pe-scena-internationala-europa-face-front-comun-planul-liderilor-europeni-ce-vor-sa-ii-transmita-lui-trump\/"},"modified":"2025-02-22T08:46:50","modified_gmt":"2025-02-22T08:46:50","slug":"zile-de-foc-pe-scena-internationala-europa-face-front-comun-planul-liderilor-europeni-ce-vor-sa-ii-transmita-lui-trump","status":"publish","type":"post","link":"https:\/\/247stiri.ro\/index.php\/2025\/02\/22\/zile-de-foc-pe-scena-internationala-europa-face-front-comun-planul-liderilor-europeni-ce-vor-sa-ii-transmita-lui-trump\/","title":{"rendered":"Zile de foc pe scena interna\u021bional\u0103, Europa face front comun. Planul liderilor europeni, ce vor s\u0103 \u00eei transmit\u0103 lui Trump"},"content":{"rendered":"<p>Negocierile se vor purta la Kiev, chiar \u00een prima zi a s\u0103pt\u0103m\u00e2nii. Luni urmeaz\u0103 c\u0103 liderii europeni s\u0103 se \u00eent\u00e2lneasc\u0103 acolo la aniversarea de 3 ani de la invazia Rusiei \u00een Ucraina pentru a discuta despre securitatea la nivel european, dar \u0219i despre \u00eencetarea r\u0103zboiului. Se poart\u0103 negocieri pentru pace. Se \u0219tie deja c\u0103 liderii europeni preg\u0103tesc un pachet de ajutor militar pentru Ucraina, \u00een valoare de aproximativ 20 de miliarde de euro, potrivit presei str\u0103ine.<\/p>\n<p>Urmeaz\u0103 c\u0103 luni s\u0103 mearg\u0103 acolo o parte dintre membrii fizic, o parte online. Ursula von der Leyen va participa la aceast\u0103 \u00eent\u00e2lnire \u0219i pre\u0219edintele Ilie Bolojan se va conecta online pentru a discuta cu ldierii europeni.<\/p>\n<p>Tot luni, mini\u0219tri de externe din statele membre ale UE se vor reuni la Bruxelles, \u00een timp ce pre\u0219edintele francez Macron \u0219i premierul britanic vor merge la Washington pentru a st\u0103 de vorba cu Trump.<\/p>\n<p>Tot \u00een cursul s\u0103pt\u0103m\u00e2nii viitoare a\u0219tept\u0103m s\u0103 fie convocat\u0103 o \u0219edin\u021ba CSAT, la insisten\u021bele oficialilor politici rom\u00e2ni. Surse din Administra\u021bia Preziden\u021bial\u0103 spun c\u0103 se preg\u0103te\u0219te aceast\u0103 \u0219edin\u021ba, nu se \u0219tie \u00een ce zi, dar cu siguran\u021b\u0103 pe ordinea de zi vor fi discu\u021bii despre securitate.<\/p>","protected":false},"excerpt":{"rendered":"<p>Negocierile se vor purta la Kiev, chiar \u00een prima zi a s\u0103pt\u0103m\u00e2nii. Luni urmeaz\u0103 c\u0103&hellip;<\/p>\n","protected":false},"author":0,"featured_media":33826,"comment_status":"open","ping_status":"open","sticky":false,"template":"","format":"standard","meta":{"footnotes":""},"categories":[2],"tags":[],"class_list":["post-33825","post","type-post","status-publish","format-standard","has-post-thumbnail","hentry","category-actual"],"_links":{"self":[{"href":"https:\/\/247stiri.ro\/index.php\/wp-json\/wp\/v2\/posts\/33825","targetHints":{"allow":["GET"]}}],"collection":[{"href":"https:\/\/247stiri.ro\/index.php\/wp-json\/wp\/v2\/posts"}],"about":[{"href":"https:\/\/247stiri.ro\/index.php\/wp-json\/wp\/v2\/types\/post"}],"replies":[{"embeddable":true,"href":"https:\/\/247stiri.ro\/index.php\/wp-json\/wp\/v2\/comments?post=33825"}],"version-history":[{"count":0,"href":"https:\/\/247stiri.ro\/index.php\/wp-json\/wp\/v2\/posts\/33825\/revisions"}],"wp:featuredmedia":[{"embeddable":true,"href":"https:\/\/247stiri.ro\/index.php\/wp-json\/wp\/v2\/media\/33826"}],"wp:attachment":[{"href":"https:\/\/247stiri.ro\/index.php\/wp-json\/wp\/v2\/media?parent=33825"}],"wp:term":[{"taxonomy":"category","embeddable":true,"href":"https:\/\/247stiri.ro\/index.php\/wp-json\/wp\/v2\/categories?post=33825"},{"taxonomy":"post_tag","embeddable":true,"href":"https:\/\/247stiri.ro\/index.php\/wp-json\/wp\/v2\/tags?post=33825"}],"curies":[{"name":"wp","href":"https:\/\/api.w.org\/{rel}","templated":true}]}}