{"id":33831,"date":"2025-02-22T09:45:32","date_gmt":"2025-02-22T09:45:32","guid":{"rendered":"https:\/\/247stiri.ro\/index.php\/2025\/02\/22\/trump-atacuri-fara-precedent-la-adresa-marii-britanie-si-frantei-nu-au-facut-nimic-pentru-a-pune-capat-razboiului-din-ucraina\/"},"modified":"2025-02-22T09:45:32","modified_gmt":"2025-02-22T09:45:32","slug":"trump-atacuri-fara-precedent-la-adresa-marii-britanie-si-frantei-nu-au-facut-nimic-pentru-a-pune-capat-razboiului-din-ucraina","status":"publish","type":"post","link":"https:\/\/247stiri.ro\/index.php\/2025\/02\/22\/trump-atacuri-fara-precedent-la-adresa-marii-britanie-si-frantei-nu-au-facut-nimic-pentru-a-pune-capat-razboiului-din-ucraina\/","title":{"rendered":"Trump, atacuri f\u0103r\u0103 precedent la adresa Marii Britanie \u015fi Fran\u0163ei: \u201eNu au f\u0103cut nimic\u201d pentru a pune cap\u0103t r\u0103zboiului din Ucraina"},"content":{"rendered":"<p>\u00cen cadrul unui interviu pentru Fox News Radio, pre\u015fedintele american Donald Trump a afirmat c\u0103 pre\u015fedintele ucrainean Volodimir Zelenski nu are \u201enicio carte\u201d \u00een negocierile de pace, ad\u0103ug\u00e2nd c\u0103 nu crede c\u0103 \u201e[Zelenski] este foarte important s\u0103 fie prezent la \u00eent\u00e2lniri\u201d, scrie o agen\u021bie interna\u021bional\u0103 de pres\u0103.<\/p>\n<p>De\u015fi a spus c\u0103 Marea Britanie \u015fi Fran\u0163a \u201enu au f\u0103cut nimic\u201d pentru a pune cap\u0103t r\u0103zboiului care dureaz\u0103 de aproape trei ani, Trump l-a numit pe Macron \u201eun prieten\u201d, iar pe premierul britanic \u201eun tip foarte dr\u0103gu\u0163\u201d.<\/p>\n<p>De la invazia la scar\u0103 larg\u0103 a Rusiei \u00een Ucraina \u00een 2022, Marea Britanie, Fran\u0163a \u015fi al\u0163i alia\u0163i au furnizat Kievului arme \u015fi alte ajutoare financiare.<\/p>\n<p>At\u00e2t pre\u015fedintele francez Macron, c\u00e2t \u015fi premierul britanic sunt a\u015ftepta\u0163i s\u0103 viziteze Washingtonul s\u0103pt\u0103m\u00e2na viitoare.<\/p>","protected":false},"excerpt":{"rendered":"<p>\u00cen cadrul unui interviu pentru Fox News Radio, pre\u015fedintele american Donald Trump a afirmat c\u0103&hellip;<\/p>\n","protected":false},"author":0,"featured_media":33832,"comment_status":"open","ping_status":"open","sticky":false,"template":"","format":"standard","meta":{"footnotes":""},"categories":[2],"tags":[],"class_list":["post-33831","post","type-post","status-publish","format-standard","has-post-thumbnail","hentry","category-actual"],"_links":{"self":[{"href":"https:\/\/247stiri.ro\/index.php\/wp-json\/wp\/v2\/posts\/33831","targetHints":{"allow":["GET"]}}],"collection":[{"href":"https:\/\/247stiri.ro\/index.php\/wp-json\/wp\/v2\/posts"}],"about":[{"href":"https:\/\/247stiri.ro\/index.php\/wp-json\/wp\/v2\/types\/post"}],"replies":[{"embeddable":true,"href":"https:\/\/247stiri.ro\/index.php\/wp-json\/wp\/v2\/comments?post=33831"}],"version-history":[{"count":0,"href":"https:\/\/247stiri.ro\/index.php\/wp-json\/wp\/v2\/posts\/33831\/revisions"}],"wp:featuredmedia":[{"embeddable":true,"href":"https:\/\/247stiri.ro\/index.php\/wp-json\/wp\/v2\/media\/33832"}],"wp:attachment":[{"href":"https:\/\/247stiri.ro\/index.php\/wp-json\/wp\/v2\/media?parent=33831"}],"wp:term":[{"taxonomy":"category","embeddable":true,"href":"https:\/\/247stiri.ro\/index.php\/wp-json\/wp\/v2\/categories?post=33831"},{"taxonomy":"post_tag","embeddable":true,"href":"https:\/\/247stiri.ro\/index.php\/wp-json\/wp\/v2\/tags?post=33831"}],"curies":[{"name":"wp","href":"https:\/\/api.w.org\/{rel}","templated":true}]}}