{"id":33857,"date":"2025-02-22T11:46:21","date_gmt":"2025-02-22T11:46:21","guid":{"rendered":"https:\/\/247stiri.ro\/index.php\/2025\/02\/22\/medalia-de-onoare-si-un-kalpak-oferite-lui-tamer-atalay-la-congresul-mondial-al-turcilor-karapapak\/"},"modified":"2025-02-22T11:46:21","modified_gmt":"2025-02-22T11:46:21","slug":"medalia-de-onoare-si-un-kalpak-oferite-lui-tamer-atalay-la-congresul-mondial-al-turcilor-karapapak","status":"publish","type":"post","link":"https:\/\/247stiri.ro\/index.php\/2025\/02\/22\/medalia-de-onoare-si-un-kalpak-oferite-lui-tamer-atalay-la-congresul-mondial-al-turcilor-karapapak\/","title":{"rendered":"Medalia de Onoare \u0219i un kalpak, oferite lui Tamer Atalay, la Congresul Mondial al Turcilor Karapapak"},"content":{"rendered":"<p>Atalay particip\u0103, de asemenea, la \u00cenaltul Consiliu Consultativ al Consiliului Mondial al Turcilor Karapapak \u0219i contribuie la studii importante legate de lumea turc\u0103. La congres au fost date mesaje importante pentru a consolida unitatea cultural\u0103 \u0219i pentru a aduce turcii Karapapak \u00eentr-o pozi\u021bie mai eficient\u0103 la nivel mondial.<\/p>\n<p>Dineul congres \u0219i festival cultural la care au participat aproximativ 600 de invita\u021bi distin\u0219i a fost urm\u0103rit cu mare interes.\u00a0<\/p>\n\n<p>La eveniment au participat personalit\u0103\u021bi importante precum fostul ministru al Culturii \u0219i Turismului Nam\u0131k Kemal Zeybek, viceguvernatorul din Istanbul Dr. Hasan H\u00fcseyin Ceylan, pre\u0219edintele Uniunii Mondiale a turciloe Ahiska Ziyatdin Kassanov, pre\u0219edintele fondator al Uniunii Islamice Turce Europene, Musa Serdar \u00c7elebi, precum \u0219i lideri de opinie, birocra\u021bi, oameni de afaceri, membri ai diferitelor sfere de justi\u021bie \u0219i diploma\u021bi din alte 8 \u021b\u0103ri.<\/p>\n\n<p>Pe l\u00e2ng\u0103 s\u0103rb\u0103toarea cultural\u0103, au fost discutate \u0219i proiecte care vor \u00eent\u0103ri leg\u0103turile economice \u0219i sociale ale lumii turce\u0219ti. Congresul mondial al turcilor Karapapak \u00ee\u0219i propune s\u0103 creasc\u0103 solidaritatea \u00eentre comunit\u0103\u021bile interna\u021bionale turce\u0219ti \u0219i s\u0103 \u00eencurajeze lumea afacerilor s\u0103 \u00ee\u0219i asume un rol activ.<\/p>","protected":false},"excerpt":{"rendered":"<p>Atalay particip\u0103, de asemenea, la \u00cenaltul Consiliu Consultativ al Consiliului Mondial al Turcilor Karapapak \u0219i&hellip;<\/p>\n","protected":false},"author":0,"featured_media":33858,"comment_status":"open","ping_status":"open","sticky":false,"template":"","format":"standard","meta":{"footnotes":""},"categories":[4],"tags":[],"class_list":["post-33857","post","type-post","status-publish","format-standard","has-post-thumbnail","hentry","category-extern"],"_links":{"self":[{"href":"https:\/\/247stiri.ro\/index.php\/wp-json\/wp\/v2\/posts\/33857","targetHints":{"allow":["GET"]}}],"collection":[{"href":"https:\/\/247stiri.ro\/index.php\/wp-json\/wp\/v2\/posts"}],"about":[{"href":"https:\/\/247stiri.ro\/index.php\/wp-json\/wp\/v2\/types\/post"}],"replies":[{"embeddable":true,"href":"https:\/\/247stiri.ro\/index.php\/wp-json\/wp\/v2\/comments?post=33857"}],"version-history":[{"count":0,"href":"https:\/\/247stiri.ro\/index.php\/wp-json\/wp\/v2\/posts\/33857\/revisions"}],"wp:featuredmedia":[{"embeddable":true,"href":"https:\/\/247stiri.ro\/index.php\/wp-json\/wp\/v2\/media\/33858"}],"wp:attachment":[{"href":"https:\/\/247stiri.ro\/index.php\/wp-json\/wp\/v2\/media?parent=33857"}],"wp:term":[{"taxonomy":"category","embeddable":true,"href":"https:\/\/247stiri.ro\/index.php\/wp-json\/wp\/v2\/categories?post=33857"},{"taxonomy":"post_tag","embeddable":true,"href":"https:\/\/247stiri.ro\/index.php\/wp-json\/wp\/v2\/tags?post=33857"}],"curies":[{"name":"wp","href":"https:\/\/api.w.org\/{rel}","templated":true}]}}