{"id":33876,"date":"2025-02-22T12:45:10","date_gmt":"2025-02-22T12:45:10","guid":{"rendered":"https:\/\/247stiri.ro\/index.php\/2025\/02\/22\/unul-dintre-ostaticii-care-urmeaza-a-fi-eliberati-sambata-de-hamas-are-si-cetatenie-romana-cine-este-omer-wenkert\/"},"modified":"2025-02-22T12:45:10","modified_gmt":"2025-02-22T12:45:10","slug":"unul-dintre-ostaticii-care-urmeaza-a-fi-eliberati-sambata-de-hamas-are-si-cetatenie-romana-cine-este-omer-wenkert","status":"publish","type":"post","link":"https:\/\/247stiri.ro\/index.php\/2025\/02\/22\/unul-dintre-ostaticii-care-urmeaza-a-fi-eliberati-sambata-de-hamas-are-si-cetatenie-romana-cine-este-omer-wenkert\/","title":{"rendered":"Unul dintre ostaticii care urmeaz\u0103 a fi elibera\u0163i s\u00e2mb\u0103t\u0103 de Hamas are \u015fi cet\u0103\u0163enie rom\u00e2n\u0103. Cine este Omer Wenkert"},"content":{"rendered":"<p>Surse diplomatice au declarat, pentru <a href=\"https:\/\/www.news.ro\/social\/unul-dintre-ostaticii-care-urmeaza-a-fi-eliberati-sambata-de-hamas-are-si-cetatenie-romana-cine-este-omer-wenkert-1922401222002025021221942507\" target=\"_blank\">News.ro<\/a>, c\u0103 Omer Wenkert, unul dintre cei \u015fase ostatici programa\u0163i a fi elibera\u0163i, s\u00e2mb\u0103t\u0103, de c\u0103tre Hamas are \u015fi cet\u0103\u0163enie rom\u00e2n\u0103.<\/p>\n<p>Omer Wenkert avea 22 de ani c\u00e2nd Hamas l-a r\u0103pit de la Festivalul de muzic\u0103 Nova, la 7 octombrie 2023.<\/p>\n<p>Potrivit Jerusalem Post, Omer Wenkert sufer\u0103 de o boal\u0103 autoimun\u0103, iar familia sa a declarat anterior c\u0103 se teme c\u0103 r\u0103pitorii nu \u00eei furnizeaz\u0103 medicamentele de care are nevoie.\u00a0<\/p>\n<p>Boala sa provoac\u0103 apari\u0163ia ulcerelor \u00een tractul digestiv, potrivit Clinicii Mayo.<\/p>\n<p>\u00cen momentele premerg\u0103toare captur\u0103rii sale, Omer le-a scris p\u0103rin\u0163ilor s\u0103i c\u0103 este \u201dsperiat de moarte\u201d.<\/p>\n<p>\u00cen timp ce multe familii au r\u0103mas zile \u00eentregi f\u0103r\u0103 s\u0103 \u015ftie dac\u0103 cei dragi lor au fost r\u0103pi\u0163i sau uci\u015fi, familia lui Omer a fost informat\u0103 la c\u00e2teva ore dup\u0103 r\u0103pire, dup\u0103 ce Hamas a postat un videoclip cu t\u00e2n\u0103rul legat de o camionet\u0103, \u00een lenjerie intim\u0103. Ulterior, au circulat imagini cu Omer \u00eentins pe p\u0103m\u00e2nt \u00een Gaza.<\/p>\n<p>Kim Damti, o prieten\u0103 care participa la festival \u00eempreun\u0103 cu Omer, a fost ucis\u0103 \u00een timp ce se ascundea \u00eentr-un ad\u0103post de rachete.<\/p>\n<p>Liam Or, un ostatic eliberat \u00een cadrul acordului din noiembrie, a povestit familiei c\u0103 a fost \u0163inut \u00eempreun\u0103 cu Omer, potrivit Haaretz.<\/p>\n<p>\u201dLiam a spus c\u0103 Omer l-a \u00eencurajat, i-a p\u0103strat optimismul \u015fi chiar a reu\u015fit s\u0103 c\u00e2nte \u00een captivitate\u201d, a declarat mama lui Omer.<\/p>\n<p>Liam a descris anterior faptul c\u0103 a fost de\u0163inut \u00eempreun\u0103 cu Wenkert \u015fi muncitorii thailandezi \u00een Gaza. El a descris cum to\u0163i au fost obliga\u0163i s\u0103 doarm\u0103 pe un cear\u015faf de nailon \u00eentr-o camer\u0103 \u00eencuiat\u0103, cu un butoi pe post de toalet\u0103.<\/p>\n<p>\u201dNu exista zi \u015fi noapte. O lumin\u0103 alb\u0103 fluorescent\u0103 era aprins\u0103 100 la sut\u0103 din timp. Era mereu lumin\u0103, iar uneori erau pene de curent. Era \u00eentuneric bezn\u0103\u201d, a m\u0103rturisit el, ad\u0103ug\u00e2nd c\u0103 m\u00e2ncarea era extrem de pu\u0163in\u0103.<\/p>\n<p>Cel mai mare dintre cei trei copii, \u00eenainte de a fi r\u0103pit, Omer era angajat la restaurantul Nina Bianca \u015fi aspira s\u0103 devin\u0103 \u00eentr-o zi critic de restaurant.<\/p>\n<p>El s-a \u00eenscris pentru a studia la Colegiul Shenkar, unde dorea s\u0103 urmeze un curs de management de restaurant &#8211; un vis \u00eentrerupt de r\u0103pitorii s\u0103i.<\/p>\n<p>Familia a fost informat\u0103 c\u0103 pre\u015fedintele rus Vladimir Putin face eforturi pentru a asigura siguran\u0163a lui Omer, potrivit rapoartelor mass-media israeliene.<\/p>\n<p>Bunica lui Omer, Tsili Wenkert, a fost salvat\u0103 de Armata Ro\u015fie \u00een timp ce era transferat\u0103 \u00een lag\u0103rul de concentrare de la Auschwitz.<\/p>\n<p>\u00cen v\u00e2rst\u0103 de 83 de ani, Tsili s-a al\u0103turat eforturilor de eliberare a ostaticilor &#8211; \u00eemp\u0103rt\u0103\u015find chiar re\u0163etele de familie preferate ale lui Omer pentru a sensibiliza opinia public\u0103 cu privire la situa\u0163ia dificil\u0103 a acestuia, potrivit The Forward.<\/p>\n<p>\u00a0<\/p>","protected":false},"excerpt":{"rendered":"<p>Surse diplomatice au declarat, pentru News.ro, c\u0103 Omer Wenkert, unul dintre cei \u015fase ostatici programa\u0163i&hellip;<\/p>\n","protected":false},"author":0,"featured_media":33869,"comment_status":"open","ping_status":"open","sticky":false,"template":"","format":"standard","meta":{"footnotes":""},"categories":[2],"tags":[],"class_list":["post-33876","post","type-post","status-publish","format-standard","has-post-thumbnail","hentry","category-actual"],"_links":{"self":[{"href":"https:\/\/247stiri.ro\/index.php\/wp-json\/wp\/v2\/posts\/33876","targetHints":{"allow":["GET"]}}],"collection":[{"href":"https:\/\/247stiri.ro\/index.php\/wp-json\/wp\/v2\/posts"}],"about":[{"href":"https:\/\/247stiri.ro\/index.php\/wp-json\/wp\/v2\/types\/post"}],"replies":[{"embeddable":true,"href":"https:\/\/247stiri.ro\/index.php\/wp-json\/wp\/v2\/comments?post=33876"}],"version-history":[{"count":0,"href":"https:\/\/247stiri.ro\/index.php\/wp-json\/wp\/v2\/posts\/33876\/revisions"}],"wp:featuredmedia":[{"embeddable":true,"href":"https:\/\/247stiri.ro\/index.php\/wp-json\/wp\/v2\/media\/33869"}],"wp:attachment":[{"href":"https:\/\/247stiri.ro\/index.php\/wp-json\/wp\/v2\/media?parent=33876"}],"wp:term":[{"taxonomy":"category","embeddable":true,"href":"https:\/\/247stiri.ro\/index.php\/wp-json\/wp\/v2\/categories?post=33876"},{"taxonomy":"post_tag","embeddable":true,"href":"https:\/\/247stiri.ro\/index.php\/wp-json\/wp\/v2\/tags?post=33876"}],"curies":[{"name":"wp","href":"https:\/\/api.w.org\/{rel}","templated":true}]}}