{"id":33898,"date":"2025-02-22T13:45:10","date_gmt":"2025-02-22T13:45:10","guid":{"rendered":"https:\/\/247stiri.ro\/index.php\/2025\/02\/22\/marina-olandeza-a-primit-oficial-nava-de-sprijin-de-lupta-construita-la-galati\/"},"modified":"2025-02-22T13:45:10","modified_gmt":"2025-02-22T13:45:10","slug":"marina-olandeza-a-primit-oficial-nava-de-sprijin-de-lupta-construita-la-galati","status":"publish","type":"post","link":"https:\/\/247stiri.ro\/index.php\/2025\/02\/22\/marina-olandeza-a-primit-oficial-nava-de-sprijin-de-lupta-construita-la-galati\/","title":{"rendered":"Marina olandez\u0103 a primit oficial nava de sprijin de lupt\u0103 construit\u0103 la Gala\u021bi\u00a0"},"content":{"rendered":"<p>Nava a fost botezat\u0103 de catre prin\u0163esa mo\u015ftenitoare a tronului Olandei, Amalia, la \u015fantierul naval Vlissingen-Oost.<\/p>\n<p>CSS Den Helder este a printre cele mai mari \u015fi complexe nave miilitare construite \u00een Rom\u00e2nia. Vasul poate transporta 7.600 de metri cubi de combustibil diesel, 1.000 de metri cubi de combustibil pentru elicoptere, 226 de metri de cubi de ap\u0103 potabil\u0103 \u015fi 434 de tone de bunuri, inclusiv muni\u0163ie. Pe vas exist\u0103 \u015fi un spital militar de nivel Role \u2013 2. De asemenea, nava are un hangar pentru elicoptere militare, c\u0103rora le poate asigura mentenan\u0163a \u015fi este dotat\u0103 cu cele mai noi softuri \u00eempotriva atacurilor cibernetice.<\/p>\n<p>Aurelian Nistor, director de proiecte al diviziei navale Damen Rom\u00e2nia, a povestit c\u0103 lucrul la aceast\u0103 nav\u0103 a \u00eenceput \u00een februarie 2020, la debutul pandemiei.<\/p>\n<p>\u201eProbele de mare, care au \u00eenceput \u00een noiembrie anul trecut, au durat patru s\u0103pt\u0103m\u00e2ni. Nava a plecat de la Gala\u0163i spre Sulina \u2013 Bosfor \u2013 undeva \u00een Grecia s-a oprit, apoi Palma de Mallorca, Portugalia \u015fi o avem aici\u201d, a ar\u0103tat acesta.<\/p>\n<p>Nistor a detaliat eforturile f\u0103cute pentru realizarea acestui vas militar. \u201eE o nav\u0103 la 165 de metri lungime, cu 840 de kilometri de cablu derula\u0163i \u2013 de la noi, de la Gala\u0163i, p\u00e2n\u0103 dincolo de Oradea, dac\u0103 e s\u0103 m\u0103sur\u0103m \u00een linie dreapt\u0103 \u2013 o nav\u0103 pentru care au muncit pe v\u00e2rf de \u00eenc\u0103rcare 600-700 de oameni: corp, tubulatur\u0103, l\u0103c\u0103tu\u015ferie, vopsitorie, mecanic\u0103\u2026 E un moment de m\u00e2ndrie, ast\u0103zi, cu un proiect \u00eenceput \u00een pandemie, \u00eenceput \u00een perioada de r\u0103zboi s\u0103 avem aceast\u0103 nav\u0103, aceast\u0103 bijuterie\u201d, a ar\u0103tat Aurelian Nistor. El a subliniat c\u0103 \u00een ace\u015fti patru ani au existat foarte multe provoc\u0103ri, dar termenele de predare au fost respectate.<\/p>\n<p>Totodat\u0103, reprezentantul Damen Rom\u00e2nia \u015fi-a exprimat dorin\u0163a ca o astfel de nav\u0103 s\u0103 poat\u0103 fi realizat\u0103 \u015fi pentru For\u0163ele Navale Rom\u00e2ne.<\/p>\n<p>El a m\u0103rturisit c\u0103 este prezent la ceremonia din Olanda al\u0103turi de 40 de muncitori de la \u015fantierul din Gala\u0163i.<\/p>\n<p>Directorul general al \u015eantierului naval Damen Gala\u0163i, Doru Gaib\u0103r, a vorbit despre proiectele aflate \u00een curs de desf\u0103\u015furare. \u201e\u00cen iulie vom \u00eencepe construc\u0163ia a patru fregate antisubmarin pentru For\u0163ele Navale Olandeze\u201d, a ar\u0103tat el, \u015fi a ad\u0103ugat c\u0103 speciali\u015ftii de la Institutul de Proiectare al \u015fantierului lucreaz\u0103 la o fregat\u0103 pentru Guvernul Germaniei \u015fi vor proiecta \u015fi fregatele pentru Guvernul Olandei.<\/p>\n<p>\u201e\u00cen \u015fantier avem 1.700 de angaja\u0163i, foarte mul\u0163i speciali\u015fti (\u2026) acoperim toat\u0103 marja de joburi necesare pentru a executa astfel de nave\u201d, a punctat Doru Gaib\u0103r.<\/p>\n<p>\u015eeful Marinei Regale Olandeze, viceamiralul Rene Tas, a ar\u0103tat c\u0103 este important c\u0103 aceast\u0103 nav\u0103 se al\u0103tur\u0103 flotei din \u0163ara sa, \u201epentru c\u0103 \u015ftim cu to\u0163ii c\u00e2t de periculoas\u0103 devine lumea de azi \u015fi avem nevoie de tot mai multe nave pe mare pentru a ne asigura c\u0103 suntem preg\u0103ti\u0163i pentru orice se \u00eent\u00e2mpl\u0103\u201d.<\/p>\n<p>Viceamiralul Rene Tas a spus c\u0103 dup\u0103 ce nava a ajuns din Rom\u00e2nia \u00een Olanda, a vorbit cu c\u0103pitanul ei, care era \u201efoarte fericit\u201d. \u201eEste foarte bine construit\u0103, foarte robust\u0103, suntem mul\u0163umi\u0163i de ea\u201d, a apreciat el.<\/p>\n<p>\u00cen martie, pe CSS Den Helder va fi montat echipament suplimentar, dup\u0103 care vor fi f\u0103cute mai multe teste, printre care \u015fi cele de rezisten\u0163\u0103 la condi\u0163ii meteo, iar din octombrie nava va fi complet opera\u0163ional\u0103, a afirmat \u015feful Marinei olandeze.<\/p>\n<p>Roland Briene, directorul Damen Naval, a explicat c\u0103 nava poate opera \u00een cadrul unei flote NATO \u00een sprijinul a \u015fase nave militare, iar principala sarcin\u0103 este s\u0103 livreze combustibil, bunuri, muni\u0163ie.<\/p>\n<p>El a apreciat c\u0103 \u201ear fi p\u0103cat ca ministerul rom\u00e2n al Ap\u0103r\u0103rii s\u0103 se \u00eendrepte \u00een afara \u0163\u0103rii, c\u00e2nd are un \u015fantier fantastic \u00een Rom\u00e2nia\u201d, ar\u0103t\u00e2nd disponibilitatea de a construi nave militare \u00een Rom\u00e2nia.<\/p>\n<p>La ceremonie au participat \u015fi ambasadorul Rom\u00e2niei \u00een Olanda, Nicolae Com\u0103nescu, respectiv ambasadoarea Olandei la Bucure\u015fti, Willemijn van Haaften.<\/p>\n<p>Diplomatul rom\u00e2n a spus c\u0103 aceast\u0103 contribu\u0163ie a Rom\u00e2niei la construc\u0163ia navei este un exemplu de expertiz\u0103 \u015fi profesionalism, \u00een timp ce Willemijn van Haaften a ar\u0103tat c\u0103 nava de sprijin pentru lupt\u0103 botezat\u0103 s\u00e2mb\u0103t\u0103 este \u201eun exemplu al cooper\u0103rii rom\u00e2no-olandeze\u201d.<\/p>\n<p>CSS Den Helder este cea mai nou\u0103 achizi\u0163ie a flotei Marinei Regale Olandeze, menit\u0103 s\u0103 \u00eenlocuiasc\u0103 nava de aprovizionare HNLMS Amsterdam, retras\u0103 din serviciu \u00een 2014.<\/p>\n<p>Construit\u0103 la \u015eantierul Naval Damen din Gala\u0163i, Rom\u00e2nia, aceast\u0103 nav\u0103 a fost dezvoltat\u0103 \u00een colaborare cu Organiza\u0163ia pentru Materiale de Ap\u0103rare (DMO) \u015fi Marina Regal\u0103 Olandez\u0103 (RNLN). Proiectat\u0103 pentru a furniza combustibil, muni\u0163ie, ap\u0103, alimente \u015fi piese de schimb altor nave, Den Helder are capacitatea de a opera la nivel global, inclusiv \u00een zone cu amenin\u0163\u0103ri ridicate.<\/p>\n<p>Construc\u0163ia navei a \u00eenceput la \u015eantierul Naval Damen din Gala\u0163i, cu t\u0103ierea primei buc\u0103\u0163i de o\u0163el pe 2 decembrie 2020. Ceremonia de punere a chilei a avut loc pe 2 iunie 2021.<\/p>","protected":false},"excerpt":{"rendered":"<p>Nava a fost botezat\u0103 de catre prin\u0163esa mo\u015ftenitoare a tronului Olandei, Amalia, la \u015fantierul naval&hellip;<\/p>\n","protected":false},"author":0,"featured_media":33892,"comment_status":"open","ping_status":"open","sticky":false,"template":"","format":"standard","meta":{"footnotes":""},"categories":[2],"tags":[],"class_list":["post-33898","post","type-post","status-publish","format-standard","has-post-thumbnail","hentry","category-actual"],"_links":{"self":[{"href":"https:\/\/247stiri.ro\/index.php\/wp-json\/wp\/v2\/posts\/33898","targetHints":{"allow":["GET"]}}],"collection":[{"href":"https:\/\/247stiri.ro\/index.php\/wp-json\/wp\/v2\/posts"}],"about":[{"href":"https:\/\/247stiri.ro\/index.php\/wp-json\/wp\/v2\/types\/post"}],"replies":[{"embeddable":true,"href":"https:\/\/247stiri.ro\/index.php\/wp-json\/wp\/v2\/comments?post=33898"}],"version-history":[{"count":0,"href":"https:\/\/247stiri.ro\/index.php\/wp-json\/wp\/v2\/posts\/33898\/revisions"}],"wp:featuredmedia":[{"embeddable":true,"href":"https:\/\/247stiri.ro\/index.php\/wp-json\/wp\/v2\/media\/33892"}],"wp:attachment":[{"href":"https:\/\/247stiri.ro\/index.php\/wp-json\/wp\/v2\/media?parent=33898"}],"wp:term":[{"taxonomy":"category","embeddable":true,"href":"https:\/\/247stiri.ro\/index.php\/wp-json\/wp\/v2\/categories?post=33898"},{"taxonomy":"post_tag","embeddable":true,"href":"https:\/\/247stiri.ro\/index.php\/wp-json\/wp\/v2\/tags?post=33898"}],"curies":[{"name":"wp","href":"https:\/\/api.w.org\/{rel}","templated":true}]}}