{"id":33899,"date":"2025-02-22T13:45:11","date_gmt":"2025-02-22T13:45:11","guid":{"rendered":"https:\/\/247stiri.ro\/index.php\/2025\/02\/22\/ilie-bolojan-reafirmam-sprijinul-pentru-implementarea-acordului-de-incetare-a-focului-si-de-eliberare-a-ostaticilor-din-gaza\/"},"modified":"2025-02-22T13:45:11","modified_gmt":"2025-02-22T13:45:11","slug":"ilie-bolojan-reafirmam-sprijinul-pentru-implementarea-acordului-de-incetare-a-focului-si-de-eliberare-a-ostaticilor-din-gaza","status":"publish","type":"post","link":"https:\/\/247stiri.ro\/index.php\/2025\/02\/22\/ilie-bolojan-reafirmam-sprijinul-pentru-implementarea-acordului-de-incetare-a-focului-si-de-eliberare-a-ostaticilor-din-gaza\/","title":{"rendered":"Ilie Bolojan: Reafirm\u0103m sprijinul pentru implementarea acordului de \u00eencetare a focului \u015fi de eliberare a ostaticilor din Gaza"},"content":{"rendered":"<p>\u201dRom\u00e2nia salut\u0103 eliberarea a \u015fase ostatici israelieni, \u0163inu\u0163i \u00een captivitate \u00een mod brutal \u00een Gaza, dintre care unul cu dubl\u0103 cet\u0103\u0163enie israeliano-rom\u00e2n\u0103. Ne reafirm\u0103m \u015fi cu aceast\u0103 ocazie sprijinul pentru implementarea acordului de \u00eencetare a focului \u015fi de eliberare a ostaticilor, precum \u015fi pentru furnizarea urgent\u0103 de ajutor umanitar popula\u0163iei din Gaza\u201d, a scris, s\u00e2mb\u0103t\u0103, pe re\u0163elele de socializare pre\u015fedintele interimar Ilie Bolojan.<\/p>\n<p>Acesta a adresat mul\u0163umiri Statelor Unite, Qatarului, Israelului \u015fi Egiptului pentru eforturile lor.\u00a0Unul dintre ostaticii elibera\u0163i, s\u00e2mb\u0103t\u0103, de c\u0103tre Hamas, \u00een cel de-al \u015faptelea schimb, are \u015fi cet\u0103\u0163enie rom\u00e2n\u0103, au afirmat surse diplomatice.<\/p>\n<p>Omer Wenkert, \u00een v\u00e2rst\u0103 de 23 de ani, sufer\u0103 de o boal\u0103 autoimun\u0103, iar familia s-a temut c\u0103 r\u0103pitorii nu i-au acordat medica\u0163ia necesar\u0103.<\/p>","protected":false},"excerpt":{"rendered":"<p>\u201dRom\u00e2nia salut\u0103 eliberarea a \u015fase ostatici israelieni, \u0163inu\u0163i \u00een captivitate \u00een mod brutal \u00een Gaza,&hellip;<\/p>\n","protected":false},"author":0,"featured_media":33900,"comment_status":"open","ping_status":"open","sticky":false,"template":"","format":"standard","meta":{"footnotes":""},"categories":[2],"tags":[],"class_list":["post-33899","post","type-post","status-publish","format-standard","has-post-thumbnail","hentry","category-actual"],"_links":{"self":[{"href":"https:\/\/247stiri.ro\/index.php\/wp-json\/wp\/v2\/posts\/33899","targetHints":{"allow":["GET"]}}],"collection":[{"href":"https:\/\/247stiri.ro\/index.php\/wp-json\/wp\/v2\/posts"}],"about":[{"href":"https:\/\/247stiri.ro\/index.php\/wp-json\/wp\/v2\/types\/post"}],"replies":[{"embeddable":true,"href":"https:\/\/247stiri.ro\/index.php\/wp-json\/wp\/v2\/comments?post=33899"}],"version-history":[{"count":0,"href":"https:\/\/247stiri.ro\/index.php\/wp-json\/wp\/v2\/posts\/33899\/revisions"}],"wp:featuredmedia":[{"embeddable":true,"href":"https:\/\/247stiri.ro\/index.php\/wp-json\/wp\/v2\/media\/33900"}],"wp:attachment":[{"href":"https:\/\/247stiri.ro\/index.php\/wp-json\/wp\/v2\/media?parent=33899"}],"wp:term":[{"taxonomy":"category","embeddable":true,"href":"https:\/\/247stiri.ro\/index.php\/wp-json\/wp\/v2\/categories?post=33899"},{"taxonomy":"post_tag","embeddable":true,"href":"https:\/\/247stiri.ro\/index.php\/wp-json\/wp\/v2\/tags?post=33899"}],"curies":[{"name":"wp","href":"https:\/\/api.w.org\/{rel}","templated":true}]}}