{"id":33901,"date":"2025-02-22T13:45:11","date_gmt":"2025-02-22T13:45:11","guid":{"rendered":"https:\/\/247stiri.ro\/index.php\/2025\/02\/22\/marcel-ciolacu-eliberarea-a-sase-israelieni-ostatici-din-gaza-intre-care-si-unul-cu-cetatenie-romana-un-moment-de-usurare-romania-solidara-cu-poporul-din-israel\/"},"modified":"2025-02-22T13:45:11","modified_gmt":"2025-02-22T13:45:11","slug":"marcel-ciolacu-eliberarea-a-sase-israelieni-ostatici-din-gaza-intre-care-si-unul-cu-cetatenie-romana-un-moment-de-usurare-romania-solidara-cu-poporul-din-israel","status":"publish","type":"post","link":"https:\/\/247stiri.ro\/index.php\/2025\/02\/22\/marcel-ciolacu-eliberarea-a-sase-israelieni-ostatici-din-gaza-intre-care-si-unul-cu-cetatenie-romana-un-moment-de-usurare-romania-solidara-cu-poporul-din-israel\/","title":{"rendered":"Marcel Ciolacu: Eliberarea a \u015fase israelieni ostatici din Gaza, \u00eentre care \u015fi unul cu cet\u0103\u0163enie rom\u00e2n\u0103, un moment de u\u0219urare. Rom\u00e2nia, solidar\u0103 cu poporul din Israel"},"content":{"rendered":"<p>\u201dUn moment de mare u\u015furare ast\u0103zi, odat\u0103 cu eliberarea a \u015fase israelieni ostatici din Gaza, \u00eentre care \u015fi unul cu cet\u0103\u0163enie rom\u00e2n\u0103\u201d, a transmis, s\u00e2mb\u0103t\u0103, premierul Marcel Ciolacu.<\/p>\n<p>Acesta a mul\u0163umit pentru implicare mediatorilor din Qatar, Egipt \u015fi SUA, dar apreciaz\u0103 c\u0103 este \u00een continuare un efort pentru a asigura continuarea punerii \u00een aplicare a acordului de \u00eencetare a focului \u015fi de eliberare a ostaticilor.<\/p>\n<p>De asemenea, trebuie abordat\u0103 corespunz\u0103tor, potrivit premierului, situa\u0163ia umanitar\u0103 din Gaza. \u00a0<\/p>\n<p>Ciolacu anun\u0163\u0103 c\u0103 Rom\u00e2nia sprijin\u0103 ferm eliberarea \u00een timp util a tuturor ostaticilor r\u0103ma\u015fi \u015fi va continua s\u0103 fie solidar\u0103 cu familiile acestora \u015fi cu poporul din Israel.<\/p>\n<p>Unul dintre ostaticii elibera\u0163i, s\u00e2mb\u0103t\u0103, de c\u0103tre Hamas, \u00een cel de-al \u015faptelea schimb, are \u015fi cet\u0103\u0163enie rom\u00e2n\u0103, au afirmat surse diplomatice.<\/p>\n<p>Omer Wenkert, \u00een v\u00e2rst\u0103 de 23 de ani, sufer\u0103 de o boal\u0103 autoimun\u0103, iar familia s-a temut c\u0103 r\u0103pitorii nu i-au acordat medica\u0163ia necesar\u0103.<\/p>","protected":false},"excerpt":{"rendered":"<p>\u201dUn moment de mare u\u015furare ast\u0103zi, odat\u0103 cu eliberarea a \u015fase israelieni ostatici din Gaza,&hellip;<\/p>\n","protected":false},"author":0,"featured_media":33902,"comment_status":"open","ping_status":"open","sticky":false,"template":"","format":"standard","meta":{"footnotes":""},"categories":[2],"tags":[],"class_list":["post-33901","post","type-post","status-publish","format-standard","has-post-thumbnail","hentry","category-actual"],"_links":{"self":[{"href":"https:\/\/247stiri.ro\/index.php\/wp-json\/wp\/v2\/posts\/33901","targetHints":{"allow":["GET"]}}],"collection":[{"href":"https:\/\/247stiri.ro\/index.php\/wp-json\/wp\/v2\/posts"}],"about":[{"href":"https:\/\/247stiri.ro\/index.php\/wp-json\/wp\/v2\/types\/post"}],"replies":[{"embeddable":true,"href":"https:\/\/247stiri.ro\/index.php\/wp-json\/wp\/v2\/comments?post=33901"}],"version-history":[{"count":0,"href":"https:\/\/247stiri.ro\/index.php\/wp-json\/wp\/v2\/posts\/33901\/revisions"}],"wp:featuredmedia":[{"embeddable":true,"href":"https:\/\/247stiri.ro\/index.php\/wp-json\/wp\/v2\/media\/33902"}],"wp:attachment":[{"href":"https:\/\/247stiri.ro\/index.php\/wp-json\/wp\/v2\/media?parent=33901"}],"wp:term":[{"taxonomy":"category","embeddable":true,"href":"https:\/\/247stiri.ro\/index.php\/wp-json\/wp\/v2\/categories?post=33901"},{"taxonomy":"post_tag","embeddable":true,"href":"https:\/\/247stiri.ro\/index.php\/wp-json\/wp\/v2\/tags?post=33901"}],"curies":[{"name":"wp","href":"https:\/\/api.w.org\/{rel}","templated":true}]}}