{"id":33905,"date":"2025-02-22T13:45:13","date_gmt":"2025-02-22T13:45:13","guid":{"rendered":"https:\/\/247stiri.ro\/index.php\/2025\/02\/22\/premierul-slovaciei-ii-tine-partea-lui-putin-zelenski-are-nevoie-de-acest-razboi\/"},"modified":"2025-02-22T13:45:13","modified_gmt":"2025-02-22T13:45:13","slug":"premierul-slovaciei-ii-tine-partea-lui-putin-zelenski-are-nevoie-de-acest-razboi","status":"publish","type":"post","link":"https:\/\/247stiri.ro\/index.php\/2025\/02\/22\/premierul-slovaciei-ii-tine-partea-lui-putin-zelenski-are-nevoie-de-acest-razboi\/","title":{"rendered":"Premierul Slovaciei \u00eei \u021bine partea lui Putin: \u201dZelenski are nevoie de acest r\u0103zboi\u201d"},"content":{"rendered":"<p>\u00centr-un discurs sus\u0163inut vineri la Conferin\u0163a de ac\u0163iune politic\u0103 conservatoare (CPAC) din Washington DC, premierul slovac Robert Fico a justificat de fapt agresiunea Rusiei \u00eempotriva Ucrainei \u015fi l-a acuzat pe liderul de la Kiev c\u0103 nu dore\u015fte \u201eorganizarea de alegeri\u201d, scrie Ukrainska Pravda.<\/p>\n<p>\u00centr-un discurs de 15 minute, Fico l-a l\u0103udat pe Donald Trump, care, potrivit premierului slovac, aduce \u201epacea \u00een Europa\u201d. \u201eRusia a avut motive serioase de securitate pentru a face acest lucru, deoarece a fost mult timp indus\u0103 \u00een eroare cu privire la problema extinderii NATO\u201d, a spus Fico, justific\u00e2nd ac\u0163iunile Moscovei.<\/p>\n<p>Conform mediafax.ro, \u00een cadrul discursului s\u0103u, premierul slovac a sus\u0163inut, de asemenea, declara\u0163iile recente ale lui Trump cu privire la Volodimir Zelenski, spun\u00e2nd c\u0103 liderul de la Kiev \u201eare de fapt nevoie de acest r\u0103zboi\u201d. \u201eC\u00e2nd exist\u0103 un r\u0103zboi, nu pot exista alegeri democratice&#8230; C\u00e2nd exist\u0103 un r\u0103zboi, este dificil de investigat unde a ajuns o mare parte din finan\u0163area acordat\u0103 Ucrainei\u201d, a spus Fico.<\/p>\n<p>Robert Fico este cunoscut drept un critic al UE \u00een privin\u0163a ajutorului acordat Ucrainei de la dubutul r\u0103zboiului.<\/p>","protected":false},"excerpt":{"rendered":"<p>\u00centr-un discurs sus\u0163inut vineri la Conferin\u0163a de ac\u0163iune politic\u0103 conservatoare (CPAC) din Washington DC, premierul&hellip;<\/p>\n","protected":false},"author":0,"featured_media":33906,"comment_status":"open","ping_status":"open","sticky":false,"template":"","format":"standard","meta":{"footnotes":""},"categories":[2],"tags":[],"class_list":["post-33905","post","type-post","status-publish","format-standard","has-post-thumbnail","hentry","category-actual"],"_links":{"self":[{"href":"https:\/\/247stiri.ro\/index.php\/wp-json\/wp\/v2\/posts\/33905","targetHints":{"allow":["GET"]}}],"collection":[{"href":"https:\/\/247stiri.ro\/index.php\/wp-json\/wp\/v2\/posts"}],"about":[{"href":"https:\/\/247stiri.ro\/index.php\/wp-json\/wp\/v2\/types\/post"}],"replies":[{"embeddable":true,"href":"https:\/\/247stiri.ro\/index.php\/wp-json\/wp\/v2\/comments?post=33905"}],"version-history":[{"count":0,"href":"https:\/\/247stiri.ro\/index.php\/wp-json\/wp\/v2\/posts\/33905\/revisions"}],"wp:featuredmedia":[{"embeddable":true,"href":"https:\/\/247stiri.ro\/index.php\/wp-json\/wp\/v2\/media\/33906"}],"wp:attachment":[{"href":"https:\/\/247stiri.ro\/index.php\/wp-json\/wp\/v2\/media?parent=33905"}],"wp:term":[{"taxonomy":"category","embeddable":true,"href":"https:\/\/247stiri.ro\/index.php\/wp-json\/wp\/v2\/categories?post=33905"},{"taxonomy":"post_tag","embeddable":true,"href":"https:\/\/247stiri.ro\/index.php\/wp-json\/wp\/v2\/tags?post=33905"}],"curies":[{"name":"wp","href":"https:\/\/api.w.org\/{rel}","templated":true}]}}