{"id":33917,"date":"2025-02-22T14:45:01","date_gmt":"2025-02-22T14:45:01","guid":{"rendered":"https:\/\/247stiri.ro\/index.php\/2025\/02\/22\/mario-nawfal-jurnalistul-care-i-a-luat-interviul-lui-calin-georgescu-a-prezentat-pe-conturile-sale-social-media-protestul-din-capitala\/"},"modified":"2025-02-22T14:45:01","modified_gmt":"2025-02-22T14:45:01","slug":"mario-nawfal-jurnalistul-care-i-a-luat-interviul-lui-calin-georgescu-a-prezentat-pe-conturile-sale-social-media-protestul-din-capitala","status":"publish","type":"post","link":"https:\/\/247stiri.ro\/index.php\/2025\/02\/22\/mario-nawfal-jurnalistul-care-i-a-luat-interviul-lui-calin-georgescu-a-prezentat-pe-conturile-sale-social-media-protestul-din-capitala\/","title":{"rendered":"Mario Nawfal, jurnalistul care i-a luat interviul lui C\u0103lin Georgescu, a prezentat pe conturile sale social media protestul din Capital\u0103"},"content":{"rendered":"<p>Jurnalistul australian Mario Nawfal, care a \u0219i stat de vorb\u0103 cu pre\u0219edintele ales, a prezentat pe contul s\u0103u de socializare imagini din Pia\u021ba Constitu\u021biei, unde mii de oameni s-au adunat pentru a semna pentru noua candidatur\u0103 a lui C\u0103lin Georgescu.<\/p>\n<p>Acesta transmite, c\u0103 \u00een ciuda faptului c\u0103 poli\u021bia a interceptat mai multe autobuze ale protestatarilor \u00een drum spre Bucure\u0219ti, vocile poporului rom\u00e2n nu vor fi reduse la t\u0103cere.\u00a0<\/p>\n<p>\ud83d\udea8\ud83c\uddf7\ud83c\uddf4BUCHAREST RISES: CITIZENS FURIOUS OVER CANCELLED ELECTIONSBucharest streets are thronged with protesters rallying against the annulled presidential elections, chanting loudly for democracy and justice.The Alliance for the Union of Romanians party has set up tables where\u2026 <a href=\"https:\/\/t.co\/QcHbqcDatn\">https:\/\/t.co\/QcHbqcDatn<\/a> <a href=\"https:\/\/t.co\/XJpUZkXJUm\">pic.twitter.com\/XJpUZkXJUm<\/a><\/p>\n<p>\u2014 Mario Nawfal (@MarioNawfal) <a href=\"https:\/\/twitter.com\/MarioNawfal\/status\/1893249595288797583?ref_src=twsrc%5Etfw\">February 22, 2025<\/a><\/p>","protected":false},"excerpt":{"rendered":"<p>Jurnalistul australian Mario Nawfal, care a \u0219i stat de vorb\u0103 cu pre\u0219edintele ales, a prezentat&hellip;<\/p>\n","protected":false},"author":0,"featured_media":33914,"comment_status":"open","ping_status":"open","sticky":false,"template":"","format":"standard","meta":{"footnotes":""},"categories":[2],"tags":[],"class_list":["post-33917","post","type-post","status-publish","format-standard","has-post-thumbnail","hentry","category-actual"],"_links":{"self":[{"href":"https:\/\/247stiri.ro\/index.php\/wp-json\/wp\/v2\/posts\/33917","targetHints":{"allow":["GET"]}}],"collection":[{"href":"https:\/\/247stiri.ro\/index.php\/wp-json\/wp\/v2\/posts"}],"about":[{"href":"https:\/\/247stiri.ro\/index.php\/wp-json\/wp\/v2\/types\/post"}],"replies":[{"embeddable":true,"href":"https:\/\/247stiri.ro\/index.php\/wp-json\/wp\/v2\/comments?post=33917"}],"version-history":[{"count":0,"href":"https:\/\/247stiri.ro\/index.php\/wp-json\/wp\/v2\/posts\/33917\/revisions"}],"wp:featuredmedia":[{"embeddable":true,"href":"https:\/\/247stiri.ro\/index.php\/wp-json\/wp\/v2\/media\/33914"}],"wp:attachment":[{"href":"https:\/\/247stiri.ro\/index.php\/wp-json\/wp\/v2\/media?parent=33917"}],"wp:term":[{"taxonomy":"category","embeddable":true,"href":"https:\/\/247stiri.ro\/index.php\/wp-json\/wp\/v2\/categories?post=33917"},{"taxonomy":"post_tag","embeddable":true,"href":"https:\/\/247stiri.ro\/index.php\/wp-json\/wp\/v2\/tags?post=33917"}],"curies":[{"name":"wp","href":"https:\/\/api.w.org\/{rel}","templated":true}]}}